{"id":16274,"date":"2026-03-12T10:21:45","date_gmt":"2026-03-12T13:21:45","guid":{"rendered":"https:\/\/prefeitura.santarosa.rs.gov.br\/?p=16274"},"modified":"2026-03-12T10:21:47","modified_gmt":"2026-03-12T13:21:47","slug":"articulacao-de-novos-recursos-para-a-saude-de-santa-rosa","status":"publish","type":"post","link":"https:\/\/prefeitura.santarosa.rs.gov.br\/?p=16274","title":{"rendered":"Articula\u00e7\u00e3o de novos recursos para a sa\u00fade de Santa Rosa"},"content":{"rendered":"\n<figure class=\"wp-block-image size-large\"><img fetchpriority=\"high\" decoding=\"async\" width=\"1024\" height=\"683\" src=\"https:\/\/prefeitura.santarosa.rs.gov.br\/wp-content\/uploads\/2026\/03\/WhatsApp-Image-2026-03-12-at-10.18.06-1024x683.jpeg\" alt=\"\" class=\"wp-image-16275\" srcset=\"https:\/\/prefeitura.santarosa.rs.gov.br\/wp-content\/uploads\/2026\/03\/WhatsApp-Image-2026-03-12-at-10.18.06-1024x683.jpeg 1024w, https:\/\/prefeitura.santarosa.rs.gov.br\/wp-content\/uploads\/2026\/03\/WhatsApp-Image-2026-03-12-at-10.18.06-300x200.jpeg 300w, https:\/\/prefeitura.santarosa.rs.gov.br\/wp-content\/uploads\/2026\/03\/WhatsApp-Image-2026-03-12-at-10.18.06-768x512.jpeg 768w, https:\/\/prefeitura.santarosa.rs.gov.br\/wp-content\/uploads\/2026\/03\/WhatsApp-Image-2026-03-12-at-10.18.06.jpeg 1500w\" sizes=\"(max-width: 1024px) 100vw, 1024px\" \/><\/figure>\n\n\n\n<p>O presidente da Funda\u00e7\u00e3o Municipal de Sa\u00fade de Santa Rosa (FUMSSAR), D\u00e9lcio Stefan, cumpriu uma agenda estrat\u00e9gica em Porto Alegre. Durante os dias 10 e 11 de mar\u00e7o, o gestor participou de reuni\u00f5es fundamentais com o Conselho de Secretarias Municipais de Sa\u00fade (COSEMS), com a Comiss\u00e3o Intergestores Bipartite (CIB) e na SETEC, onde foram definidos pontos cruciais para o atendimento \u00e0 popula\u00e7\u00e3o. Entre as defini\u00e7\u00f5es de destaque est\u00e1 a organiza\u00e7\u00e3o da Campanha de Vacina\u00e7\u00e3o contra a Gripe (Influenza), que ter\u00e1 seu &#8220;Dia D&#8221; mobilizado em 28 de mar\u00e7o de 2026, al\u00e9m do estabelecimento de crit\u00e9rios para interna\u00e7\u00f5es e atendimentos dentro do Programa Inverno Ga\u00facho com Sa\u00fade.<\/p>\n\n\n\n<p>Um dos momentos mais relevantes para o munic\u00edpio de Santa Rosa foi o encaminhamento de recursos destinados para amplia\u00e7\u00e3o e reforma da Unidade B\u00e1sica de Sa\u00fade Agr\u00edcola, integrante da Rede Bem Cuidar RS. D\u00e9lcio ressaltou que a prioridade \u00e9 garantir que a estrutura f\u00edsica acompanhe a qualidade do atendimento t\u00e9cnico, \u201cEstamos em busca de sempre melhorar o atendimento para o cidad\u00e3o santa-rosense. Nossa prioridade \u00e9 garantir que a estrutura f\u00edsica acompanhe a qualidade t\u00e9cnica, fortalecendo a aten\u00e7\u00e3o b\u00e1sica como porta de entrada do SUS\u201d.<\/p>\n\n\n\n<p>As discuss\u00f5es na capital tamb\u00e9m avan\u00e7aram em \u00e1reas especializadas. No campo da oncologia, D\u00e9lcio acompanhou a reorganiza\u00e7\u00e3o dos exames de Pet CT, viabilizados por recursos do Tribunal de Justi\u00e7a, e a prospec\u00e7\u00e3o de verbas junto ao Minist\u00e9rio da Sa\u00fade. Finalizando os compromissos, o presidente da FUMSSAR aproveitou a oportunidade para realizar a divulga\u00e7\u00e3o institucional do 6\u00ba Semin\u00e1rio Estadual de Autismo, evento que ser\u00e1 sediado em Santa Rosa no m\u00eas de abril, consolidando o munic\u00edpio como um polo de debate e refer\u00eancia em sa\u00fade inclusiva no Rio Grande do Sul.<\/p>\n","protected":false},"excerpt":{"rendered":"<p>O presidente da Funda\u00e7\u00e3o Municipal de Sa\u00fade de Santa Rosa (FUMSSAR), D\u00e9lcio Stefan, cumpriu uma agenda estrat\u00e9gica em Porto Alegre.<\/p>\n","protected":false},"author":12,"featured_media":16276,"comment_status":"closed","ping_status":"closed","sticky":false,"template":"","format":"standard","meta":{"footnotes":""},"categories":[4,8],"tags":[],"class_list":["post-16274","post","type-post","status-publish","format-standard","has-post-thumbnail","hentry","category-noticias","category-noticias-fumssar"],"aioseo_notices":[],"_links":{"self":[{"href":"https:\/\/prefeitura.santarosa.rs.gov.br\/index.php?rest_route=\/wp\/v2\/posts\/16274","targetHints":{"allow":["GET"]}}],"collection":[{"href":"https:\/\/prefeitura.santarosa.rs.gov.br\/index.php?rest_route=\/wp\/v2\/posts"}],"about":[{"href":"https:\/\/prefeitura.santarosa.rs.gov.br\/index.php?rest_route=\/wp\/v2\/types\/post"}],"author":[{"embeddable":true,"href":"https:\/\/prefeitura.santarosa.rs.gov.br\/index.php?rest_route=\/wp\/v2\/users\/12"}],"replies":[{"embeddable":true,"href":"https:\/\/prefeitura.santarosa.rs.gov.br\/index.php?rest_route=%2Fwp%2Fv2%2Fcomments&post=16274"}],"version-history":[{"count":1,"href":"https:\/\/prefeitura.santarosa.rs.gov.br\/index.php?rest_route=\/wp\/v2\/posts\/16274\/revisions"}],"predecessor-version":[{"id":16277,"href":"https:\/\/prefeitura.santarosa.rs.gov.br\/index.php?rest_route=\/wp\/v2\/posts\/16274\/revisions\/16277"}],"wp:featuredmedia":[{"embeddable":true,"href":"https:\/\/prefeitura.santarosa.rs.gov.br\/index.php?rest_route=\/wp\/v2\/media\/16276"}],"wp:attachment":[{"href":"https:\/\/prefeitura.santarosa.rs.gov.br\/index.php?rest_route=%2Fwp%2Fv2%2Fmedia&parent=16274"}],"wp:term":[{"taxonomy":"category","embeddable":true,"href":"https:\/\/prefeitura.santarosa.rs.gov.br\/index.php?rest_route=%2Fwp%2Fv2%2Fcategories&post=16274"},{"taxonomy":"post_tag","embeddable":true,"href":"https:\/\/prefeitura.santarosa.rs.gov.br\/index.php?rest_route=%2Fwp%2Fv2%2Ftags&post=16274"}],"curies":[{"name":"wp","href":"https:\/\/api.w.org\/{rel}","templated":true}]}}