{"id":16265,"date":"2026-03-11T15:05:55","date_gmt":"2026-03-11T18:05:55","guid":{"rendered":"https:\/\/prefeitura.santarosa.rs.gov.br\/?p=16265"},"modified":"2026-03-11T15:05:56","modified_gmt":"2026-03-11T18:05:56","slug":"semear-agro-hub-acompanha-lancamento-do-programa-campo-inovador-na-expodireto-cotrijal","status":"publish","type":"post","link":"https:\/\/prefeitura.santarosa.rs.gov.br\/?p=16265","title":{"rendered":"Semear Agro Hub acompanha lan\u00e7amento do programa Campo Inovador na Expodireto Cotrijal"},"content":{"rendered":"\n<figure class=\"wp-block-image size-large\"><img fetchpriority=\"high\" decoding=\"async\" width=\"1024\" height=\"576\" src=\"https:\/\/prefeitura.santarosa.rs.gov.br\/wp-content\/uploads\/2026\/03\/WhatsApp-Image-2026-03-11-at-14.00.58-1024x576.jpeg\" alt=\"\" class=\"wp-image-16266\" srcset=\"https:\/\/prefeitura.santarosa.rs.gov.br\/wp-content\/uploads\/2026\/03\/WhatsApp-Image-2026-03-11-at-14.00.58-1024x576.jpeg 1024w, https:\/\/prefeitura.santarosa.rs.gov.br\/wp-content\/uploads\/2026\/03\/WhatsApp-Image-2026-03-11-at-14.00.58-300x169.jpeg 300w, https:\/\/prefeitura.santarosa.rs.gov.br\/wp-content\/uploads\/2026\/03\/WhatsApp-Image-2026-03-11-at-14.00.58-768x432.jpeg 768w, https:\/\/prefeitura.santarosa.rs.gov.br\/wp-content\/uploads\/2026\/03\/WhatsApp-Image-2026-03-11-at-14.00.58.jpeg 1280w\" sizes=\"(max-width: 1024px) 100vw, 1024px\" \/><\/figure>\n\n\n\n<p>O Semear Agro Hub Santa Rosa esteve representado na Expodireto Cotrijal, realizada em N\u00e3o-Me-Toque. Integrantes da equipe da Secretaria de Desenvolvimento Econ\u00f4mico, que atuam no hub, acompanharam o lan\u00e7amento do Programa Campo Inovador, na feira. A iniciativa foi conduzida pelo Sebrae com foco no fortalecimento da inova\u00e7\u00e3o no agroneg\u00f3cio e na cadeia produtiva do leite.<\/p>\n\n\n\n<p>O programa Campo Inovador busca impulsionar solu\u00e7\u00f5es tecnol\u00f3gicas, novos modelos de neg\u00f3cios e pr\u00e1ticas inovadoras voltadas \u00e0 cadeia produtiva do leite, com especial aten\u00e7\u00e3o para a regi\u00e3o Noroeste do Rio Grande do Sul, uma das principais bacias leiteiras do estado. A participa\u00e7\u00e3o do hub no evento teve como objetivo acompanhar as iniciativas estrat\u00e9gicas voltadas ao desenvolvimento do setor e fortalecer as conex\u00f5es entre institui\u00e7\u00f5es, produtores, startups e organiza\u00e7\u00f5es que atuam no ecossistema de inova\u00e7\u00e3o do agro. O diretor do Semear Agro Hub Santa Rosa, Cleber Graef, destacou a iniciativa, \u201cParticipar do lan\u00e7amento deste programa representa uma oportunidade importante para articular atores do ecossistema regional e fomentar projetos colaborativos que contribuam para aumentar a competitividade, a sustentabilidade e a gera\u00e7\u00e3o de valor no setor leiteiro\u201d.<\/p>\n\n\n\n<p>Ao longo de 2026, diversas a\u00e7\u00f5es dever\u00e3o ocorrer na regi\u00e3o com o objetivo de estimular a inova\u00e7\u00e3o na cadeia do leite. Entre elas, est\u00e1 prevista a realiza\u00e7\u00e3o de eventos tem\u00e1ticos em Santa Rosa, incluindo um ideathon voltado ao desenvolvimento de solu\u00e7\u00f5es para desafios do setor leiteiro, reunindo produtores, estudantes, startups, especialistas e empresas. A expectativa \u00e9 que essas iniciativas contribuam para consolidar o Noroeste ga\u00facho como um ambiente de experimenta\u00e7\u00e3o, empreendedorismo e desenvolvimento de tecnologias voltadas \u00e0 produ\u00e7\u00e3o leiteira, fortalecendo a integra\u00e7\u00e3o entre conhecimento, inova\u00e7\u00e3o e produ\u00e7\u00e3o no campo.<\/p>\n","protected":false},"excerpt":{"rendered":"<p>O Semear Agro Hub Santa Rosa esteve representado na Expodireto Cotrijal, realizada em N\u00e3o-Me-Toque. Integrantes da equipe da Secretaria de<\/p>\n","protected":false},"author":12,"featured_media":16267,"comment_status":"closed","ping_status":"closed","sticky":false,"template":"","format":"standard","meta":{"footnotes":""},"categories":[4,16],"tags":[],"class_list":["post-16265","post","type-post","status-publish","format-standard","has-post-thumbnail","hentry","category-noticias","category-secretaria-municipal-de-desenvolvimento-economico-turismo-e-tecnologia"],"aioseo_notices":[],"_links":{"self":[{"href":"https:\/\/prefeitura.santarosa.rs.gov.br\/index.php?rest_route=\/wp\/v2\/posts\/16265","targetHints":{"allow":["GET"]}}],"collection":[{"href":"https:\/\/prefeitura.santarosa.rs.gov.br\/index.php?rest_route=\/wp\/v2\/posts"}],"about":[{"href":"https:\/\/prefeitura.santarosa.rs.gov.br\/index.php?rest_route=\/wp\/v2\/types\/post"}],"author":[{"embeddable":true,"href":"https:\/\/prefeitura.santarosa.rs.gov.br\/index.php?rest_route=\/wp\/v2\/users\/12"}],"replies":[{"embeddable":true,"href":"https:\/\/prefeitura.santarosa.rs.gov.br\/index.php?rest_route=%2Fwp%2Fv2%2Fcomments&post=16265"}],"version-history":[{"count":1,"href":"https:\/\/prefeitura.santarosa.rs.gov.br\/index.php?rest_route=\/wp\/v2\/posts\/16265\/revisions"}],"predecessor-version":[{"id":16268,"href":"https:\/\/prefeitura.santarosa.rs.gov.br\/index.php?rest_route=\/wp\/v2\/posts\/16265\/revisions\/16268"}],"wp:featuredmedia":[{"embeddable":true,"href":"https:\/\/prefeitura.santarosa.rs.gov.br\/index.php?rest_route=\/wp\/v2\/media\/16267"}],"wp:attachment":[{"href":"https:\/\/prefeitura.santarosa.rs.gov.br\/index.php?rest_route=%2Fwp%2Fv2%2Fmedia&parent=16265"}],"wp:term":[{"taxonomy":"category","embeddable":true,"href":"https:\/\/prefeitura.santarosa.rs.gov.br\/index.php?rest_route=%2Fwp%2Fv2%2Fcategories&post=16265"},{"taxonomy":"post_tag","embeddable":true,"href":"https:\/\/prefeitura.santarosa.rs.gov.br\/index.php?rest_route=%2Fwp%2Fv2%2Ftags&post=16265"}],"curies":[{"name":"wp","href":"https:\/\/api.w.org\/{rel}","templated":true}]}}