{"id":16261,"date":"2026-03-10T07:42:25","date_gmt":"2026-03-10T10:42:25","guid":{"rendered":"https:\/\/prefeitura.santarosa.rs.gov.br\/?p=16261"},"modified":"2026-03-11T07:43:29","modified_gmt":"2026-03-11T10:43:29","slug":"inscricoes-abertas-para-o-campeonato-municipal-de-futebol-de-campo","status":"publish","type":"post","link":"https:\/\/prefeitura.santarosa.rs.gov.br\/?p=16261","title":{"rendered":"Inscri\u00e7\u00f5es abertas para o Campeonato Municipal de Futebol de Campo"},"content":{"rendered":"\n<figure class=\"wp-block-image size-large\"><img fetchpriority=\"high\" decoding=\"async\" width=\"1024\" height=\"691\" src=\"https:\/\/prefeitura.santarosa.rs.gov.br\/wp-content\/uploads\/2026\/03\/Formato-Portal-do-Cidadao-1600X1080JPG-99-1024x691.jpg\" alt=\"\" class=\"wp-image-16262\" srcset=\"https:\/\/prefeitura.santarosa.rs.gov.br\/wp-content\/uploads\/2026\/03\/Formato-Portal-do-Cidadao-1600X1080JPG-99-1024x691.jpg 1024w, https:\/\/prefeitura.santarosa.rs.gov.br\/wp-content\/uploads\/2026\/03\/Formato-Portal-do-Cidadao-1600X1080JPG-99-300x203.jpg 300w, https:\/\/prefeitura.santarosa.rs.gov.br\/wp-content\/uploads\/2026\/03\/Formato-Portal-do-Cidadao-1600X1080JPG-99-768x518.jpg 768w, https:\/\/prefeitura.santarosa.rs.gov.br\/wp-content\/uploads\/2026\/03\/Formato-Portal-do-Cidadao-1600X1080JPG-99-1536x1037.jpg 1536w, https:\/\/prefeitura.santarosa.rs.gov.br\/wp-content\/uploads\/2026\/03\/Formato-Portal-do-Cidadao-1600X1080JPG-99.jpg 1600w\" sizes=\"(max-width: 1024px) 100vw, 1024px\" \/><\/figure>\n\n\n\n<p>Est\u00e3o abertas as inscri\u00e7\u00f5es para o Campeonato Municipal de Futebol de Campo de Santa Rosa, nas categorias 2\u00aa Divis\u00e3o e Sub-16. As equipes interessadas devem realizar a retirada das fichas de inscri\u00e7\u00e3o diretamente na Secretaria Municipal de Esporte.<\/p>\n\n\n\n<p>O prazo para inscri\u00e7\u00e3o segue at\u00e9 o dia&nbsp;31 de mar\u00e7o. A organiza\u00e7\u00e3o orienta que os respons\u00e1veis pelas equipes procurem a secretaria dentro do per\u00edodo para garantir a participa\u00e7\u00e3o na competi\u00e7\u00e3o.<\/p>\n\n\n\n<p>O campeonato marca o in\u00edcio do calend\u00e1rio oficial do futebol de campo no munic\u00edpio, reunindo equipes locais e incentivando a pr\u00e1tica esportiva entre atletas e jovens da comunidade.<\/p>\n\n\n\n<p>A expectativa \u00e9 de grande participa\u00e7\u00e3o das equipes, fortalecendo o esporte e promovendo a integra\u00e7\u00e3o entre atletas e torcedores de Santa Rosa.<\/p>\n","protected":false},"excerpt":{"rendered":"<p>Est\u00e3o abertas as inscri\u00e7\u00f5es para o Campeonato Municipal de Futebol de Campo de Santa Rosa, nas categorias 2\u00aa Divis\u00e3o e<\/p>\n","protected":false},"author":12,"featured_media":16263,"comment_status":"closed","ping_status":"closed","sticky":false,"template":"","format":"standard","meta":{"footnotes":""},"categories":[4,19],"tags":[],"class_list":["post-16261","post","type-post","status-publish","format-standard","has-post-thumbnail","hentry","category-noticias","category-secretaria-municipal-de-esporte"],"aioseo_notices":[],"_links":{"self":[{"href":"https:\/\/prefeitura.santarosa.rs.gov.br\/index.php?rest_route=\/wp\/v2\/posts\/16261","targetHints":{"allow":["GET"]}}],"collection":[{"href":"https:\/\/prefeitura.santarosa.rs.gov.br\/index.php?rest_route=\/wp\/v2\/posts"}],"about":[{"href":"https:\/\/prefeitura.santarosa.rs.gov.br\/index.php?rest_route=\/wp\/v2\/types\/post"}],"author":[{"embeddable":true,"href":"https:\/\/prefeitura.santarosa.rs.gov.br\/index.php?rest_route=\/wp\/v2\/users\/12"}],"replies":[{"embeddable":true,"href":"https:\/\/prefeitura.santarosa.rs.gov.br\/index.php?rest_route=%2Fwp%2Fv2%2Fcomments&post=16261"}],"version-history":[{"count":1,"href":"https:\/\/prefeitura.santarosa.rs.gov.br\/index.php?rest_route=\/wp\/v2\/posts\/16261\/revisions"}],"predecessor-version":[{"id":16264,"href":"https:\/\/prefeitura.santarosa.rs.gov.br\/index.php?rest_route=\/wp\/v2\/posts\/16261\/revisions\/16264"}],"wp:featuredmedia":[{"embeddable":true,"href":"https:\/\/prefeitura.santarosa.rs.gov.br\/index.php?rest_route=\/wp\/v2\/media\/16263"}],"wp:attachment":[{"href":"https:\/\/prefeitura.santarosa.rs.gov.br\/index.php?rest_route=%2Fwp%2Fv2%2Fmedia&parent=16261"}],"wp:term":[{"taxonomy":"category","embeddable":true,"href":"https:\/\/prefeitura.santarosa.rs.gov.br\/index.php?rest_route=%2Fwp%2Fv2%2Fcategories&post=16261"},{"taxonomy":"post_tag","embeddable":true,"href":"https:\/\/prefeitura.santarosa.rs.gov.br\/index.php?rest_route=%2Fwp%2Fv2%2Ftags&post=16261"}],"curies":[{"name":"wp","href":"https:\/\/api.w.org\/{rel}","templated":true}]}}