{"id":16254,"date":"2026-03-10T17:23:00","date_gmt":"2026-03-10T20:23:00","guid":{"rendered":"https:\/\/prefeitura.santarosa.rs.gov.br\/?p=16254"},"modified":"2026-03-10T17:23:02","modified_gmt":"2026-03-10T20:23:02","slug":"obras-na-10-de-novembro-avancam-para-melhorar-o-acesso-e-o-desenvolvimento-de-santa-rosa","status":"publish","type":"post","link":"https:\/\/prefeitura.santarosa.rs.gov.br\/?p=16254","title":{"rendered":"Obras na 10 de Novembro avan\u00e7am para melhorar o acesso e o desenvolvimento de Santa Rosa"},"content":{"rendered":"\n<figure class=\"wp-block-image size-large\"><img fetchpriority=\"high\" decoding=\"async\" width=\"1024\" height=\"682\" src=\"https:\/\/prefeitura.santarosa.rs.gov.br\/wp-content\/uploads\/2026\/03\/WhatsApp-Image-2026-03-10-at-17.18.54-1024x682.jpeg\" alt=\"\" class=\"wp-image-16256\" srcset=\"https:\/\/prefeitura.santarosa.rs.gov.br\/wp-content\/uploads\/2026\/03\/WhatsApp-Image-2026-03-10-at-17.18.54-1024x682.jpeg 1024w, https:\/\/prefeitura.santarosa.rs.gov.br\/wp-content\/uploads\/2026\/03\/WhatsApp-Image-2026-03-10-at-17.18.54-300x200.jpeg 300w, https:\/\/prefeitura.santarosa.rs.gov.br\/wp-content\/uploads\/2026\/03\/WhatsApp-Image-2026-03-10-at-17.18.54-768x512.jpeg 768w, https:\/\/prefeitura.santarosa.rs.gov.br\/wp-content\/uploads\/2026\/03\/WhatsApp-Image-2026-03-10-at-17.18.54-1536x1023.jpeg 1536w, https:\/\/prefeitura.santarosa.rs.gov.br\/wp-content\/uploads\/2026\/03\/WhatsApp-Image-2026-03-10-at-17.18.54.jpeg 1600w\" sizes=\"(max-width: 1024px) 100vw, 1024px\" \/><\/figure>\n\n\n\n<p>A pavimenta\u00e7\u00e3o da Rua 10 de Novembro, segue avan\u00e7ando em Santa Rosa. A obra, que se estende desde a ponte do Pessegueirinho at\u00e9 o anel rodovi\u00e1rio da RSC-472, j\u00e1 atingiu 15% de conclus\u00e3o. Al\u00e9m da 10 de Novembro, melhorias tamb\u00e9m ser\u00e3o realizadas nas ruas Manoel Ferreira Brand\u00e3o Filho e Dr. Accioly. No momento, as equipes j\u00e1 finalizaram a execu\u00e7\u00e3o das galerias e concentram os esfor\u00e7os nos servi\u00e7os de terraplanagem e drenagem pluvial. As pr\u00f3ximas etapas do cronograma incluem a execu\u00e7\u00e3o da base e sub-base, preparando o solo para a posterior aplica\u00e7\u00e3o da camada asf\u00e1ltica.<\/p>\n\n\n\n<p>O projeto abrange uma \u00e1rea pavimentada de 23.454,24 m\u00b2 e contempla desde a constru\u00e7\u00e3o da ponte sobre o Lajeado Pessegueirinho e terraplanagem at\u00e9 o nivelamento de tampas da Corsan, instala\u00e7\u00e3o de rampas de acessibilidade e sinaliza\u00e7\u00e3o vertical e horizontal. O vice-prefeito Aldemir Ulrich, que esteve na \u00faltima semana vistoriando a obra, destacou que os investimentos promovem o desenvolvimento, lembrando que a estrutura foi planejada para suportar o crescimento da regi\u00e3o e beneficiar todas as comunidades do entorno, &#8220;Estamos dando continuidade a uma via estrat\u00e9gica para o escoamento e entrada da cidade. \u00c9 uma estrutura pensada para o crescimento de Santa Rosa e para beneficiar toda a popula\u00e7\u00e3o&#8221;.<\/p>\n\n\n\n<p>Com um investimento que supera os R$ 9,3 milh\u00f5es, os recursos para a execu\u00e7\u00e3o prov\u00eam do contrato firmado com a Corsan, que repassou um total de R$ 18,3 milh\u00f5es ao munic\u00edpio para investimentos em infraestrutura.<\/p>\n","protected":false},"excerpt":{"rendered":"<p>A pavimenta\u00e7\u00e3o da Rua 10 de Novembro, segue avan\u00e7ando em Santa Rosa. A obra, que se estende desde a ponte<\/p>\n","protected":false},"author":12,"featured_media":16257,"comment_status":"closed","ping_status":"closed","sticky":false,"template":"","format":"standard","meta":{"footnotes":""},"categories":[4,22],"tags":[],"class_list":["post-16254","post","type-post","status-publish","format-standard","has-post-thumbnail","hentry","category-noticias","category-secretaria-municipal-de-planejamento-e-habitacao"],"aioseo_notices":[],"_links":{"self":[{"href":"https:\/\/prefeitura.santarosa.rs.gov.br\/index.php?rest_route=\/wp\/v2\/posts\/16254","targetHints":{"allow":["GET"]}}],"collection":[{"href":"https:\/\/prefeitura.santarosa.rs.gov.br\/index.php?rest_route=\/wp\/v2\/posts"}],"about":[{"href":"https:\/\/prefeitura.santarosa.rs.gov.br\/index.php?rest_route=\/wp\/v2\/types\/post"}],"author":[{"embeddable":true,"href":"https:\/\/prefeitura.santarosa.rs.gov.br\/index.php?rest_route=\/wp\/v2\/users\/12"}],"replies":[{"embeddable":true,"href":"https:\/\/prefeitura.santarosa.rs.gov.br\/index.php?rest_route=%2Fwp%2Fv2%2Fcomments&post=16254"}],"version-history":[{"count":1,"href":"https:\/\/prefeitura.santarosa.rs.gov.br\/index.php?rest_route=\/wp\/v2\/posts\/16254\/revisions"}],"predecessor-version":[{"id":16258,"href":"https:\/\/prefeitura.santarosa.rs.gov.br\/index.php?rest_route=\/wp\/v2\/posts\/16254\/revisions\/16258"}],"wp:featuredmedia":[{"embeddable":true,"href":"https:\/\/prefeitura.santarosa.rs.gov.br\/index.php?rest_route=\/wp\/v2\/media\/16257"}],"wp:attachment":[{"href":"https:\/\/prefeitura.santarosa.rs.gov.br\/index.php?rest_route=%2Fwp%2Fv2%2Fmedia&parent=16254"}],"wp:term":[{"taxonomy":"category","embeddable":true,"href":"https:\/\/prefeitura.santarosa.rs.gov.br\/index.php?rest_route=%2Fwp%2Fv2%2Fcategories&post=16254"},{"taxonomy":"post_tag","embeddable":true,"href":"https:\/\/prefeitura.santarosa.rs.gov.br\/index.php?rest_route=%2Fwp%2Fv2%2Ftags&post=16254"}],"curies":[{"name":"wp","href":"https:\/\/api.w.org\/{rel}","templated":true}]}}