{"id":16250,"date":"2026-03-10T10:00:46","date_gmt":"2026-03-10T13:00:46","guid":{"rendered":"https:\/\/prefeitura.santarosa.rs.gov.br\/?p=16250"},"modified":"2026-03-10T10:00:47","modified_gmt":"2026-03-10T13:00:47","slug":"recicla-santa-rosa-recolhe-16-toneladas-de-lixo-eletronico","status":"publish","type":"post","link":"https:\/\/prefeitura.santarosa.rs.gov.br\/?p=16250","title":{"rendered":"Recicla Santa Rosa recolhe 16 toneladas de lixo eletr\u00f4nico"},"content":{"rendered":"\n<figure class=\"wp-block-image size-large\"><img fetchpriority=\"high\" decoding=\"async\" width=\"1024\" height=\"768\" src=\"https:\/\/prefeitura.santarosa.rs.gov.br\/wp-content\/uploads\/2026\/03\/WhatsApp-Image-2026-03-10-at-09.55.49-1024x768.jpeg\" alt=\"\" class=\"wp-image-16251\" srcset=\"https:\/\/prefeitura.santarosa.rs.gov.br\/wp-content\/uploads\/2026\/03\/WhatsApp-Image-2026-03-10-at-09.55.49-1024x768.jpeg 1024w, https:\/\/prefeitura.santarosa.rs.gov.br\/wp-content\/uploads\/2026\/03\/WhatsApp-Image-2026-03-10-at-09.55.49-300x225.jpeg 300w, https:\/\/prefeitura.santarosa.rs.gov.br\/wp-content\/uploads\/2026\/03\/WhatsApp-Image-2026-03-10-at-09.55.49-768x576.jpeg 768w, https:\/\/prefeitura.santarosa.rs.gov.br\/wp-content\/uploads\/2026\/03\/WhatsApp-Image-2026-03-10-at-09.55.49.jpeg 1280w\" sizes=\"(max-width: 1024px) 100vw, 1024px\" \/><\/figure>\n\n\n\n<p>A Prefeitura de Santa Rosa, por meio da Secretaria de Meio Ambiente, realizou no \u00faltimo s\u00e1bado (07), mais uma etapa da campanha Recicla Santa Rosa. A iniciativa, que segue mobilizando a comunidade em prol do descarte correto de res\u00edduos, alcan\u00e7ou n\u00fameros expressivos: foram recolhidas 16 toneladas de lixo eletr\u00f4nico, 290 litros de \u00f3leo de cozinha usado, 120 kg de pilhas e baterias, al\u00e9m de 770 kg de vidro.<\/p>\n\n\n\n<p>Como forma de incentivo \u00e0 preserva\u00e7\u00e3o ambiental, a equipe distribuiu 200 mudas de \u00e1rvores nativas para a popula\u00e7\u00e3o presente. Al\u00e9m disso, tamb\u00e9m foi realizada uma blitz educativa com a entrega de materiais focados no bem-estar animal. O Secret\u00e1rio de Meio Ambiente, Gustavo Foliatti, agradeceu o empenho da comunidade, &#8220;O Recicla Santa Rosa teve uma grande ades\u00e3o da popula\u00e7\u00e3o, que cada vez mais, entende seu papel na preserva\u00e7\u00e3o da nossa cidade. Nosso objetivo \u00e9 consolidar esse h\u00e1bito da destina\u00e7\u00e3o correta dos res\u00edduos para que tenhamos uma Santa Rosa cada vez melhor&#8221;.<\/p>\n\n\n\n<p>O pr\u00f3ximo encontro do Recicla Santa Rosa vai ocorrer no dia 25 de abril, ao lado do Mercado P\u00fablico Eclair Moraginski.<\/p>\n","protected":false},"excerpt":{"rendered":"<p>A Prefeitura de Santa Rosa, por meio da Secretaria de Meio Ambiente, realizou no \u00faltimo s\u00e1bado (07), mais uma etapa<\/p>\n","protected":false},"author":12,"featured_media":16252,"comment_status":"closed","ping_status":"closed","sticky":false,"template":"","format":"standard","meta":{"footnotes":""},"categories":[4,20],"tags":[],"class_list":["post-16250","post","type-post","status-publish","format-standard","has-post-thumbnail","hentry","category-noticias","category-secretaria-municipal-de-meio-ambiente"],"aioseo_notices":[],"_links":{"self":[{"href":"https:\/\/prefeitura.santarosa.rs.gov.br\/index.php?rest_route=\/wp\/v2\/posts\/16250","targetHints":{"allow":["GET"]}}],"collection":[{"href":"https:\/\/prefeitura.santarosa.rs.gov.br\/index.php?rest_route=\/wp\/v2\/posts"}],"about":[{"href":"https:\/\/prefeitura.santarosa.rs.gov.br\/index.php?rest_route=\/wp\/v2\/types\/post"}],"author":[{"embeddable":true,"href":"https:\/\/prefeitura.santarosa.rs.gov.br\/index.php?rest_route=\/wp\/v2\/users\/12"}],"replies":[{"embeddable":true,"href":"https:\/\/prefeitura.santarosa.rs.gov.br\/index.php?rest_route=%2Fwp%2Fv2%2Fcomments&post=16250"}],"version-history":[{"count":1,"href":"https:\/\/prefeitura.santarosa.rs.gov.br\/index.php?rest_route=\/wp\/v2\/posts\/16250\/revisions"}],"predecessor-version":[{"id":16253,"href":"https:\/\/prefeitura.santarosa.rs.gov.br\/index.php?rest_route=\/wp\/v2\/posts\/16250\/revisions\/16253"}],"wp:featuredmedia":[{"embeddable":true,"href":"https:\/\/prefeitura.santarosa.rs.gov.br\/index.php?rest_route=\/wp\/v2\/media\/16252"}],"wp:attachment":[{"href":"https:\/\/prefeitura.santarosa.rs.gov.br\/index.php?rest_route=%2Fwp%2Fv2%2Fmedia&parent=16250"}],"wp:term":[{"taxonomy":"category","embeddable":true,"href":"https:\/\/prefeitura.santarosa.rs.gov.br\/index.php?rest_route=%2Fwp%2Fv2%2Fcategories&post=16250"},{"taxonomy":"post_tag","embeddable":true,"href":"https:\/\/prefeitura.santarosa.rs.gov.br\/index.php?rest_route=%2Fwp%2Fv2%2Ftags&post=16250"}],"curies":[{"name":"wp","href":"https:\/\/api.w.org\/{rel}","templated":true}]}}