{"id":16206,"date":"2026-03-04T14:48:40","date_gmt":"2026-03-04T17:48:40","guid":{"rendered":"https:\/\/prefeitura.santarosa.rs.gov.br\/?p=16206"},"modified":"2026-03-04T15:14:39","modified_gmt":"2026-03-04T18:14:39","slug":"fumssar-realiza-capacitacao-estrategica-contra-a-dengue","status":"publish","type":"post","link":"https:\/\/prefeitura.santarosa.rs.gov.br\/?p=16206","title":{"rendered":"FUMSSAR realiza capacita\u00e7\u00e3o estrat\u00e9gica contra a Dengue"},"content":{"rendered":"\n<figure class=\"wp-block-image size-large\"><img fetchpriority=\"high\" decoding=\"async\" width=\"1024\" height=\"472\" src=\"https:\/\/prefeitura.santarosa.rs.gov.br\/wp-content\/uploads\/2026\/03\/WhatsApp-Image-2026-03-04-at-14.39.39-1024x472.jpeg\" alt=\"\" class=\"wp-image-16207\" srcset=\"https:\/\/prefeitura.santarosa.rs.gov.br\/wp-content\/uploads\/2026\/03\/WhatsApp-Image-2026-03-04-at-14.39.39-1024x472.jpeg 1024w, https:\/\/prefeitura.santarosa.rs.gov.br\/wp-content\/uploads\/2026\/03\/WhatsApp-Image-2026-03-04-at-14.39.39-300x138.jpeg 300w, https:\/\/prefeitura.santarosa.rs.gov.br\/wp-content\/uploads\/2026\/03\/WhatsApp-Image-2026-03-04-at-14.39.39-768x354.jpeg 768w, https:\/\/prefeitura.santarosa.rs.gov.br\/wp-content\/uploads\/2026\/03\/WhatsApp-Image-2026-03-04-at-14.39.39-1536x708.jpeg 1536w, https:\/\/prefeitura.santarosa.rs.gov.br\/wp-content\/uploads\/2026\/03\/WhatsApp-Image-2026-03-04-at-14.39.39.jpeg 1600w\" sizes=\"(max-width: 1024px) 100vw, 1024px\" \/><\/figure>\n\n\n\n<p>A Funda\u00e7\u00e3o Municipal de Sa\u00fade de Santa Rosa, por meio do N\u00facleo de Ensino e Pesquisa (NEP), promoveu nesta ter\u00e7a-feira (03), uma capacita\u00e7\u00e3o estrat\u00e9gica contra a Dengue. A atividade foi uma etapa da educa\u00e7\u00e3o permanente voltada ao enfrentamento das arboviroses. O evento teve como objetivo ser uma a\u00e7\u00e3o estrat\u00e9gica para a sa\u00fade p\u00fablica regional, contando com a presen\u00e7a de equipes da FUMSSAR e de profissionais que atuam na 14\u00aa Coordenadoria Regional de Sa\u00fade (CRS).<\/p>\n\n\n\n<p>Na oportunidade, foram alinhados protocolos e compartilhadas inova\u00e7\u00f5es tecnol\u00f3gicas atrav\u00e9s da experi\u00eancia de dois renomados especialistas da Fiocruz. O m\u00e9dico infectologista Dr. Rivaldo Ven\u00e2ncio (Fiocruz) conduziu a imers\u00e3o sobre o cuidado cl\u00ednico, com foco na padroniza\u00e7\u00e3o do atendimento para garantir que cada paciente receba o suporte necess\u00e1rio desde os primeiros sintomas. J\u00e1, o Dr. Gabriel Wallau, apresentou o que h\u00e1 de mais moderno na ci\u00eancia aplicada para a vigil\u00e2ncia. Ele falou sobre novas estrat\u00e9gias para o controle dos mosquitos e m\u00e9todos avan\u00e7ados de detec\u00e7\u00e3o laboratorial e de campo para os v\u00edrus da Dengue e Chikungunya.<\/p>\n\n\n\n<p>O enfrentamento da Dengue tem sido uma das prioridades da Funda\u00e7\u00e3o de Sa\u00fade que atua sempre para prevenir novos casos da doen\u00e7a. O Presidente da FUMSSAR, D\u00e9lcio Stefan, ressaltou como a capacita\u00e7\u00e3o auxilia para esse combate eficaz, \u201cA educa\u00e7\u00e3o permanente, fortalecida pela parceria com a Fiocruz e a integra\u00e7\u00e3o com a Regional de Sa\u00fade, \u00e9 o que garante que nossa rede esteja atualizada e preparada para proteger a popula\u00e7\u00e3o com base em evid\u00eancias cient\u00edficas&#8221;.<\/p>\n\n\n\n<p>Os convidados da Fiocurz refor\u00e7aram a import\u00e2ncia de uma resposta coletiva. Como o mosquito e o v\u00edrus n\u00e3o respeitam fronteiras municipais, a capacita\u00e7\u00e3o conjunta permite que toda a regi\u00e3o noroeste trabalhe assertivamente em prol de um mesmo objetivo.<\/p>\n","protected":false},"excerpt":{"rendered":"<p>A Funda\u00e7\u00e3o Municipal de Sa\u00fade de Santa Rosa, por meio do N\u00facleo de Ensino e Pesquisa (NEP), promoveu nesta ter\u00e7a-feira<\/p>\n","protected":false},"author":12,"featured_media":16208,"comment_status":"closed","ping_status":"closed","sticky":false,"template":"","format":"standard","meta":{"footnotes":""},"categories":[4,8],"tags":[],"class_list":["post-16206","post","type-post","status-publish","format-standard","has-post-thumbnail","hentry","category-noticias","category-noticias-fumssar"],"aioseo_notices":[],"_links":{"self":[{"href":"https:\/\/prefeitura.santarosa.rs.gov.br\/index.php?rest_route=\/wp\/v2\/posts\/16206","targetHints":{"allow":["GET"]}}],"collection":[{"href":"https:\/\/prefeitura.santarosa.rs.gov.br\/index.php?rest_route=\/wp\/v2\/posts"}],"about":[{"href":"https:\/\/prefeitura.santarosa.rs.gov.br\/index.php?rest_route=\/wp\/v2\/types\/post"}],"author":[{"embeddable":true,"href":"https:\/\/prefeitura.santarosa.rs.gov.br\/index.php?rest_route=\/wp\/v2\/users\/12"}],"replies":[{"embeddable":true,"href":"https:\/\/prefeitura.santarosa.rs.gov.br\/index.php?rest_route=%2Fwp%2Fv2%2Fcomments&post=16206"}],"version-history":[{"count":1,"href":"https:\/\/prefeitura.santarosa.rs.gov.br\/index.php?rest_route=\/wp\/v2\/posts\/16206\/revisions"}],"predecessor-version":[{"id":16209,"href":"https:\/\/prefeitura.santarosa.rs.gov.br\/index.php?rest_route=\/wp\/v2\/posts\/16206\/revisions\/16209"}],"wp:featuredmedia":[{"embeddable":true,"href":"https:\/\/prefeitura.santarosa.rs.gov.br\/index.php?rest_route=\/wp\/v2\/media\/16208"}],"wp:attachment":[{"href":"https:\/\/prefeitura.santarosa.rs.gov.br\/index.php?rest_route=%2Fwp%2Fv2%2Fmedia&parent=16206"}],"wp:term":[{"taxonomy":"category","embeddable":true,"href":"https:\/\/prefeitura.santarosa.rs.gov.br\/index.php?rest_route=%2Fwp%2Fv2%2Fcategories&post=16206"},{"taxonomy":"post_tag","embeddable":true,"href":"https:\/\/prefeitura.santarosa.rs.gov.br\/index.php?rest_route=%2Fwp%2Fv2%2Ftags&post=16206"}],"curies":[{"name":"wp","href":"https:\/\/api.w.org\/{rel}","templated":true}]}}