{"id":1620,"date":"2021-04-26T09:59:00","date_gmt":"2021-04-26T12:59:00","guid":{"rendered":"https:\/\/prefeitura.santarosa.rs.gov.br\/?p=1620"},"modified":"2024-10-07T09:55:14","modified_gmt":"2024-10-07T12:55:14","slug":"parque-de-exposicoes-recebera-espaco-poliesportivo-e-cultural","status":"publish","type":"post","link":"https:\/\/prefeitura.santarosa.rs.gov.br\/?p=1620","title":{"rendered":"Parque de Exposi\u00e7\u00f5es receber\u00e1 espa\u00e7o poliesportivo e cultural"},"content":{"rendered":"\n<p>O espa\u00e7o ser\u00e1 utilizado pela comunidade, por entidades, grupos de idosos, recrea\u00e7\u00e3o, servi\u00e7o social, escolas, pr\u00e1tica de esportes e sa\u00fade.<\/p>\n\n\n\n<p>A Prefeitura de Santa Rosa, em parceria com a FENASOJA apresentou nesta segunda-feira(26), o projeto de Constru\u00e7\u00e3o da Arena Poliesportiva e Cultural para o Parque de Exposi\u00e7\u00f5es. O projeto foi desenvolvido pela Oito Arquitetura e Sustentabilidade e est\u00e1 or\u00e7ado em R$ 4,7 milh\u00f5es.<\/p>\n\n\n\n<p>A obra ser\u00e1 executada por etapas. Para a primeira delas, est\u00e1 garantido um recurso de R$2,8 milh\u00f5es, oriundos da pasta do Esporte, no Minist\u00e9rio da Cidadania. O valor foi empenhado em janeiro de 2020, quando o Deputado Federal Osmar Terra, era ministro do Governo de Jair Bolsonaro, \u201c\u00c9 uma obra important\u00edssima, \u00e9 um projeto da comunidade que abrigar\u00e1 atividades esportivas e culturais. Estou muito feliz por viabilizar atrav\u00e9s de recursos federais mais esse importante projeto da comunidade\u201d.<\/p>\n\n\n\n<p>Na \u00e1rea, ser\u00e3o constru\u00eddas quadras esportivas, academia aberta, parque infantil e completa estrutura de banheiros e salas de apoio aos eventos. O projeto vem sendo desenhado desde 2019, e se une ao Espa\u00e7o FENASOJA, uma arena coberta que recebeu investimentos da feira de cerca de R$ 1,2 milh\u00e3o. O espa\u00e7o ser\u00e1 utilizado pela comunidade, por entidades, grupos de idosos, recrea\u00e7\u00e3o, servi\u00e7o social, escolas, pr\u00e1tica de esportes e sa\u00fade. O prefeito Anderson Mantei destaca a import\u00e2ncia desse local para Santa Rosa, \u201cTeremos um espa\u00e7o diferenciado para acolher as fam\u00edlias, com estrutura completa, com seguran\u00e7a e que favorece e muito a sa\u00fade e o bem-estar de toda nossa comunidade\u201d.<\/p>\n\n\n\n<p>O presidente da FENASOJA 2022, Elias Dallalba ressalta que a feira \u00e9 parceira do projeto, pois ele contempla toda a comunidade. \u201cTemos a certeza de que ser\u00e1 um grande projeto tanto para o esporte, quanto para a cultura da nossa regi\u00e3o\u201d, afirmou Elias. A \u00e1rea tamb\u00e9m receber\u00e1 atividades do projeto \u201ccidade amiga do idoso\u201d, que busca estimular o envelhecimento ativo ao otimizar oportunidades para sa\u00fade, participa\u00e7\u00e3o e seguran\u00e7a.<\/p>\n","protected":false},"excerpt":{"rendered":"<p>O espa\u00e7o ser\u00e1 utilizado pela comunidade, por entidades, grupos de idosos, recrea\u00e7\u00e3o, servi\u00e7o social, escolas, pr\u00e1tica de esportes e sa\u00fade.<\/p>\n","protected":false},"author":3,"featured_media":1621,"comment_status":"open","ping_status":"open","sticky":false,"template":"","format":"standard","meta":{"footnotes":""},"categories":[4,3],"tags":[],"class_list":["post-1620","post","type-post","status-publish","format-standard","has-post-thumbnail","hentry","category-noticias","category-gabinete-do-prefeito"],"aioseo_notices":[],"_links":{"self":[{"href":"https:\/\/prefeitura.santarosa.rs.gov.br\/index.php?rest_route=\/wp\/v2\/posts\/1620","targetHints":{"allow":["GET"]}}],"collection":[{"href":"https:\/\/prefeitura.santarosa.rs.gov.br\/index.php?rest_route=\/wp\/v2\/posts"}],"about":[{"href":"https:\/\/prefeitura.santarosa.rs.gov.br\/index.php?rest_route=\/wp\/v2\/types\/post"}],"author":[{"embeddable":true,"href":"https:\/\/prefeitura.santarosa.rs.gov.br\/index.php?rest_route=\/wp\/v2\/users\/3"}],"replies":[{"embeddable":true,"href":"https:\/\/prefeitura.santarosa.rs.gov.br\/index.php?rest_route=%2Fwp%2Fv2%2Fcomments&post=1620"}],"version-history":[{"count":1,"href":"https:\/\/prefeitura.santarosa.rs.gov.br\/index.php?rest_route=\/wp\/v2\/posts\/1620\/revisions"}],"predecessor-version":[{"id":1622,"href":"https:\/\/prefeitura.santarosa.rs.gov.br\/index.php?rest_route=\/wp\/v2\/posts\/1620\/revisions\/1622"}],"wp:featuredmedia":[{"embeddable":true,"href":"https:\/\/prefeitura.santarosa.rs.gov.br\/index.php?rest_route=\/wp\/v2\/media\/1621"}],"wp:attachment":[{"href":"https:\/\/prefeitura.santarosa.rs.gov.br\/index.php?rest_route=%2Fwp%2Fv2%2Fmedia&parent=1620"}],"wp:term":[{"taxonomy":"category","embeddable":true,"href":"https:\/\/prefeitura.santarosa.rs.gov.br\/index.php?rest_route=%2Fwp%2Fv2%2Fcategories&post=1620"},{"taxonomy":"post_tag","embeddable":true,"href":"https:\/\/prefeitura.santarosa.rs.gov.br\/index.php?rest_route=%2Fwp%2Fv2%2Ftags&post=1620"}],"curies":[{"name":"wp","href":"https:\/\/api.w.org\/{rel}","templated":true}]}}