{"id":162,"date":"2021-11-09T14:08:00","date_gmt":"2021-11-09T17:08:00","guid":{"rendered":"https:\/\/prefeitura.santarosa.rs.gov.br\/?p=162"},"modified":"2024-10-07T09:54:42","modified_gmt":"2024-10-07T12:54:42","slug":"vice-prefeito-e-homenageado-em-cerimonia","status":"publish","type":"post","link":"https:\/\/prefeitura.santarosa.rs.gov.br\/?p=162","title":{"rendered":"Vice-Prefeito \u00e9 homenageado em cerim\u00f4nia"},"content":{"rendered":"\n<p>A cerim\u00f4nia foi realizada pela Frente Parlamentar em Apoio aos Veteranos Militares no Estado.<\/p>\n\n\n\n<p>Na noite desta segunda-feira (08), aconteceu no Centro C\u00edvico Cultural Ant\u00f4nio Carlos Borges, uma homenagem aos Veteranos Militares das For\u00e7as Armadas. Ao todo, 63 veteranos militares foram homenageados, dentre eles, o vice-prefeito de Santa Rosa, Aldemir Ulrich. A cerim\u00f4nia foi realizada pela Frente Parlamentar em Apoio aos Veteranos Militares no Estado.<\/p>\n\n\n\n<p>A atividade foi proposta pelo Deputado Tenente-Coronel Zucco. Ele esteve em Santa Rosa, neste in\u00edcio de semana, para fazer a entrega de diplomas e distintivos. Na cerim\u00f4nia, o vice-prefeito agradeceu a iniciativa do deputado e ressaltou a import\u00e2ncia da valoriza\u00e7\u00e3o dos veteranos, por seus feitos e por servir ao pa\u00eds, \u201c\u00c9 uma satisfa\u00e7\u00e3o muito grande poder receber essa homenagem e com certeza \u00e9 um ato de valoriza\u00e7\u00e3o \u00e0 todos que se dedicaram pela na\u00e7\u00e3o\u201d, destacou Aldemir.<\/p>\n\n\n\n<p>O Deputado falou da import\u00e2ncia de realizar a homenagem aos veteranos militares, \u201cMeu pai sempre me dizia, meu filho valorize a hist\u00f3ria, a vida dos veteranos. Estamos em uma sociedade onde as palavras m\u00e1gicas quase n\u00e3o existem mais: com licen\u00e7a, por favor, obrigado. O respeito aos mais velhos, aos pais e professores est\u00e1 se perdendo com o tempo. Valores esses, muito presentes na vida militar. Nosso objetivo com essa homenagem foi resgatar a hist\u00f3ria desses her\u00f3is que doaram suas vidas e reconhecer os anos que dedicaram suas carreiras pelo pa\u00eds e em fazer o bem\u201d.<\/p>\n\n\n\n<p>O deputado Tenente-Coronel Zucco esteve visitando tamb\u00e9m o gabinete do prefeito Anderson Mantei e a Escola Municipal de Ensino Fundamental C\u00edvico-Militar Coronel Raul Oliveira, implementada em 2020.<\/p>\n","protected":false},"excerpt":{"rendered":"<p>A cerim\u00f4nia foi realizada pela Frente Parlamentar em Apoio aos Veteranos Militares no Estado. Na noite desta segunda-feira (08), aconteceu<\/p>\n","protected":false},"author":3,"featured_media":163,"comment_status":"open","ping_status":"open","sticky":false,"template":"","format":"standard","meta":{"footnotes":""},"categories":[4,9],"tags":[],"class_list":["post-162","post","type-post","status-publish","format-standard","has-post-thumbnail","hentry","category-noticias","category-gabinete-do-vice-prefeito"],"aioseo_notices":[],"_links":{"self":[{"href":"https:\/\/prefeitura.santarosa.rs.gov.br\/index.php?rest_route=\/wp\/v2\/posts\/162","targetHints":{"allow":["GET"]}}],"collection":[{"href":"https:\/\/prefeitura.santarosa.rs.gov.br\/index.php?rest_route=\/wp\/v2\/posts"}],"about":[{"href":"https:\/\/prefeitura.santarosa.rs.gov.br\/index.php?rest_route=\/wp\/v2\/types\/post"}],"author":[{"embeddable":true,"href":"https:\/\/prefeitura.santarosa.rs.gov.br\/index.php?rest_route=\/wp\/v2\/users\/3"}],"replies":[{"embeddable":true,"href":"https:\/\/prefeitura.santarosa.rs.gov.br\/index.php?rest_route=%2Fwp%2Fv2%2Fcomments&post=162"}],"version-history":[{"count":1,"href":"https:\/\/prefeitura.santarosa.rs.gov.br\/index.php?rest_route=\/wp\/v2\/posts\/162\/revisions"}],"predecessor-version":[{"id":164,"href":"https:\/\/prefeitura.santarosa.rs.gov.br\/index.php?rest_route=\/wp\/v2\/posts\/162\/revisions\/164"}],"wp:featuredmedia":[{"embeddable":true,"href":"https:\/\/prefeitura.santarosa.rs.gov.br\/index.php?rest_route=\/wp\/v2\/media\/163"}],"wp:attachment":[{"href":"https:\/\/prefeitura.santarosa.rs.gov.br\/index.php?rest_route=%2Fwp%2Fv2%2Fmedia&parent=162"}],"wp:term":[{"taxonomy":"category","embeddable":true,"href":"https:\/\/prefeitura.santarosa.rs.gov.br\/index.php?rest_route=%2Fwp%2Fv2%2Fcategories&post=162"},{"taxonomy":"post_tag","embeddable":true,"href":"https:\/\/prefeitura.santarosa.rs.gov.br\/index.php?rest_route=%2Fwp%2Fv2%2Ftags&post=162"}],"curies":[{"name":"wp","href":"https:\/\/api.w.org\/{rel}","templated":true}]}}