{"id":15962,"date":"2026-01-26T14:55:58","date_gmt":"2026-01-26T17:55:58","guid":{"rendered":"https:\/\/prefeitura.santarosa.rs.gov.br\/?p=15962"},"modified":"2026-01-26T14:55:59","modified_gmt":"2026-01-26T17:55:59","slug":"treinamento-qualifica-servidores-e-fortalece-o-processo-de-digitalizacao","status":"publish","type":"post","link":"https:\/\/prefeitura.santarosa.rs.gov.br\/?p=15962","title":{"rendered":"Treinamento qualifica servidores e fortalece o processo de digitaliza\u00e7\u00e3o"},"content":{"rendered":"\n<figure class=\"wp-block-image size-large\"><img fetchpriority=\"high\" decoding=\"async\" width=\"1024\" height=\"472\" src=\"https:\/\/prefeitura.santarosa.rs.gov.br\/wp-content\/uploads\/2026\/01\/WhatsApp-Image-2026-01-26-at-14.34.37-1-1024x472.jpeg\" alt=\"\" class=\"wp-image-15965\" srcset=\"https:\/\/prefeitura.santarosa.rs.gov.br\/wp-content\/uploads\/2026\/01\/WhatsApp-Image-2026-01-26-at-14.34.37-1-1024x472.jpeg 1024w, https:\/\/prefeitura.santarosa.rs.gov.br\/wp-content\/uploads\/2026\/01\/WhatsApp-Image-2026-01-26-at-14.34.37-1-300x138.jpeg 300w, https:\/\/prefeitura.santarosa.rs.gov.br\/wp-content\/uploads\/2026\/01\/WhatsApp-Image-2026-01-26-at-14.34.37-1-768x354.jpeg 768w, https:\/\/prefeitura.santarosa.rs.gov.br\/wp-content\/uploads\/2026\/01\/WhatsApp-Image-2026-01-26-at-14.34.37-1-1536x708.jpeg 1536w, https:\/\/prefeitura.santarosa.rs.gov.br\/wp-content\/uploads\/2026\/01\/WhatsApp-Image-2026-01-26-at-14.34.37-1.jpeg 1600w\" sizes=\"(max-width: 1024px) 100vw, 1024px\" \/><\/figure>\n\n\n\n<p>A Prefeitura Municipal de Santa Rosa promoveu um treinamento voltado \u00e0 capacita\u00e7\u00e3o dos servidores p\u00fablicos. O foco foi na inclus\u00e3o e aprimoramento dos processos digitais, no correto fluxo dos processos administrativos e na utiliza\u00e7\u00e3o eficiente dos sistemas institucionais. A atividade contou com a participa\u00e7\u00e3o de 30 agentes administrativos, que atuam diretamente no atendimento e na tramita\u00e7\u00e3o de demandas internas e externas.<\/p>\n\n\n\n<p>O treinamento teve como objetivo qualificar os servidores sobre as ferramentas digitais, garantindo maior padroniza\u00e7\u00e3o, agilidade e seguran\u00e7a nas rotinas. A realiza\u00e7\u00e3o cada vez mais adequada dos fluxos digitais contribui diretamente para a efici\u00eancia da gest\u00e3o p\u00fablica, reduzindo retrabalhos, erros operacionais e o tempo de resposta ao cidad\u00e3o. Segundo o Secret\u00e1rio de Governan\u00e7a e Gest\u00e3o, Ademir Rosa, \u201cOs treinamentos s\u00e3o fundamentais para consolidar a transforma\u00e7\u00e3o digital na gest\u00e3o p\u00fablica. O avan\u00e7o, dos processos digitais, reduz significativamente o tempo de tramita\u00e7\u00e3o, elimina a necessidade de circula\u00e7\u00e3o f\u00edsica de documentos e melhora a log\u00edstica interna, sem que as pessoas precisem se deslocar de mesa em mesa com pap\u00e9is em m\u00e3os\u201d.<\/p>\n\n\n\n<p>A moderniza\u00e7\u00e3o dos processos tamb\u00e9m impacta positivamente o atendimento dos servi\u00e7os p\u00fablicos, permitindo que as demandas sejam acompanhadas de forma transparente, com maior controle e rastreabilidade. Al\u00e9m disso, a redu\u00e7\u00e3o do uso de papel e de impress\u00f5es representa ganhos ambientais, econ\u00f4micos e organizacionais.<\/p>\n","protected":false},"excerpt":{"rendered":"<p>A Prefeitura Municipal de Santa Rosa promoveu um treinamento voltado \u00e0 capacita\u00e7\u00e3o dos servidores p\u00fablicos. O foco foi na inclus\u00e3o<\/p>\n","protected":false},"author":12,"featured_media":15966,"comment_status":"closed","ping_status":"closed","sticky":false,"template":"","format":"standard","meta":{"footnotes":""},"categories":[4,23],"tags":[],"class_list":["post-15962","post","type-post","status-publish","format-standard","has-post-thumbnail","hentry","category-noticias","category-secretaria-municipal-governanca-gestao"],"aioseo_notices":[],"_links":{"self":[{"href":"https:\/\/prefeitura.santarosa.rs.gov.br\/index.php?rest_route=\/wp\/v2\/posts\/15962","targetHints":{"allow":["GET"]}}],"collection":[{"href":"https:\/\/prefeitura.santarosa.rs.gov.br\/index.php?rest_route=\/wp\/v2\/posts"}],"about":[{"href":"https:\/\/prefeitura.santarosa.rs.gov.br\/index.php?rest_route=\/wp\/v2\/types\/post"}],"author":[{"embeddable":true,"href":"https:\/\/prefeitura.santarosa.rs.gov.br\/index.php?rest_route=\/wp\/v2\/users\/12"}],"replies":[{"embeddable":true,"href":"https:\/\/prefeitura.santarosa.rs.gov.br\/index.php?rest_route=%2Fwp%2Fv2%2Fcomments&post=15962"}],"version-history":[{"count":1,"href":"https:\/\/prefeitura.santarosa.rs.gov.br\/index.php?rest_route=\/wp\/v2\/posts\/15962\/revisions"}],"predecessor-version":[{"id":15967,"href":"https:\/\/prefeitura.santarosa.rs.gov.br\/index.php?rest_route=\/wp\/v2\/posts\/15962\/revisions\/15967"}],"wp:featuredmedia":[{"embeddable":true,"href":"https:\/\/prefeitura.santarosa.rs.gov.br\/index.php?rest_route=\/wp\/v2\/media\/15966"}],"wp:attachment":[{"href":"https:\/\/prefeitura.santarosa.rs.gov.br\/index.php?rest_route=%2Fwp%2Fv2%2Fmedia&parent=15962"}],"wp:term":[{"taxonomy":"category","embeddable":true,"href":"https:\/\/prefeitura.santarosa.rs.gov.br\/index.php?rest_route=%2Fwp%2Fv2%2Fcategories&post=15962"},{"taxonomy":"post_tag","embeddable":true,"href":"https:\/\/prefeitura.santarosa.rs.gov.br\/index.php?rest_route=%2Fwp%2Fv2%2Ftags&post=15962"}],"curies":[{"name":"wp","href":"https:\/\/api.w.org\/{rel}","templated":true}]}}