{"id":1596,"date":"2021-04-30T16:57:00","date_gmt":"2021-04-30T19:57:00","guid":{"rendered":"https:\/\/prefeitura.santarosa.rs.gov.br\/?p=1596"},"modified":"2024-10-07T09:55:14","modified_gmt":"2024-10-07T12:55:14","slug":"vacinacao-comorbidades","status":"publish","type":"post","link":"https:\/\/prefeitura.santarosa.rs.gov.br\/?p=1596","title":{"rendered":"Vacina\u00e7\u00e3o Comorbidades"},"content":{"rendered":"\n<p>A aplica\u00e7\u00e3o das doses ser\u00e1 feita em todas as Unidades B\u00e1sicas de Sa\u00fade. O atendimento ser\u00e1 mediante agendamento pr\u00e9vio por telefone ou presencial.<\/p>\n\n\n\n<p>Come\u00e7a nesta segunda-feira (03), \u00e0s 13h30, a vacina\u00e7\u00e3o das pessoas com comorbidades em Santa Rosa. Neste dia, poder\u00e3o se vacinar:<\/p>\n\n\n\n<ul class=\"wp-block-list\"><li>Pessoas com S\u00edndrome de Down com 18 anos ou mais;<\/li><li>Gestantes e pu\u00e9rperas com comorbidades \u2013 18 anos ou mais;<\/li><li>Portadores de defici\u00eancia cadastrados no plano Beneficio de Presta\u00e7\u00e3o Continuada (BPC) entre 55 e 59 anos;<\/li><li>Diab\u00e9ticos dos 55 aos 59 anos.<\/li><\/ul>\n\n\n\n<p>A aplica\u00e7\u00e3o das doses ser\u00e1 feita em todas as Unidades B\u00e1sicas de Sa\u00fade. O atendimento ser\u00e1 mediante agendamento pr\u00e9vio por telefone ou presencial.Todos que forem se vacinar precisam levar documento com foto.<br>O paciente que habitualmente consulta na UBS n\u00e3o necessita de atestado.Os demais devem apresentar atestado m\u00e9dico comprovando a comorbidade elencada pelo Minist\u00e9rio da Sa\u00fade.<br>Demais grupos de comorbidades ser\u00e3o vacinados na ter\u00e7a e quarta-feira.<\/p>\n\n\n\n<p>D\u00favidas e Informa\u00e7\u00f5es: vacinacovid@fumssar.com.br<\/p>\n","protected":false},"excerpt":{"rendered":"<p>A aplica\u00e7\u00e3o das doses ser\u00e1 feita em todas as Unidades B\u00e1sicas de Sa\u00fade. O atendimento ser\u00e1 mediante agendamento pr\u00e9vio por<\/p>\n","protected":false},"author":3,"featured_media":1597,"comment_status":"open","ping_status":"open","sticky":false,"template":"","format":"standard","meta":{"footnotes":""},"categories":[6,4,8],"tags":[],"class_list":["post-1596","post","type-post","status-publish","format-standard","has-post-thumbnail","hentry","category-covid-19","category-noticias","category-noticias-fumssar"],"aioseo_notices":[],"_links":{"self":[{"href":"https:\/\/prefeitura.santarosa.rs.gov.br\/index.php?rest_route=\/wp\/v2\/posts\/1596","targetHints":{"allow":["GET"]}}],"collection":[{"href":"https:\/\/prefeitura.santarosa.rs.gov.br\/index.php?rest_route=\/wp\/v2\/posts"}],"about":[{"href":"https:\/\/prefeitura.santarosa.rs.gov.br\/index.php?rest_route=\/wp\/v2\/types\/post"}],"author":[{"embeddable":true,"href":"https:\/\/prefeitura.santarosa.rs.gov.br\/index.php?rest_route=\/wp\/v2\/users\/3"}],"replies":[{"embeddable":true,"href":"https:\/\/prefeitura.santarosa.rs.gov.br\/index.php?rest_route=%2Fwp%2Fv2%2Fcomments&post=1596"}],"version-history":[{"count":1,"href":"https:\/\/prefeitura.santarosa.rs.gov.br\/index.php?rest_route=\/wp\/v2\/posts\/1596\/revisions"}],"predecessor-version":[{"id":1598,"href":"https:\/\/prefeitura.santarosa.rs.gov.br\/index.php?rest_route=\/wp\/v2\/posts\/1596\/revisions\/1598"}],"wp:featuredmedia":[{"embeddable":true,"href":"https:\/\/prefeitura.santarosa.rs.gov.br\/index.php?rest_route=\/wp\/v2\/media\/1597"}],"wp:attachment":[{"href":"https:\/\/prefeitura.santarosa.rs.gov.br\/index.php?rest_route=%2Fwp%2Fv2%2Fmedia&parent=1596"}],"wp:term":[{"taxonomy":"category","embeddable":true,"href":"https:\/\/prefeitura.santarosa.rs.gov.br\/index.php?rest_route=%2Fwp%2Fv2%2Fcategories&post=1596"},{"taxonomy":"post_tag","embeddable":true,"href":"https:\/\/prefeitura.santarosa.rs.gov.br\/index.php?rest_route=%2Fwp%2Fv2%2Ftags&post=1596"}],"curies":[{"name":"wp","href":"https:\/\/api.w.org\/{rel}","templated":true}]}}