{"id":15958,"date":"2026-01-26T14:47:55","date_gmt":"2026-01-26T17:47:55","guid":{"rendered":"https:\/\/prefeitura.santarosa.rs.gov.br\/?p=15958"},"modified":"2026-01-26T14:47:57","modified_gmt":"2026-01-26T17:47:57","slug":"jogos-de-verao-iniciam-nesta-terca-feira","status":"publish","type":"post","link":"https:\/\/prefeitura.santarosa.rs.gov.br\/?p=15958","title":{"rendered":"Jogos de Ver\u00e3o iniciam nesta ter\u00e7a-feira"},"content":{"rendered":"\n<figure class=\"wp-block-image size-large\"><img fetchpriority=\"high\" decoding=\"async\" width=\"1024\" height=\"691\" src=\"https:\/\/prefeitura.santarosa.rs.gov.br\/wp-content\/uploads\/2026\/01\/Formato-Portal-do-Cidadao-1600X1080JPG-37-1024x691.jpg\" alt=\"\" class=\"wp-image-15959\" srcset=\"https:\/\/prefeitura.santarosa.rs.gov.br\/wp-content\/uploads\/2026\/01\/Formato-Portal-do-Cidadao-1600X1080JPG-37-1024x691.jpg 1024w, https:\/\/prefeitura.santarosa.rs.gov.br\/wp-content\/uploads\/2026\/01\/Formato-Portal-do-Cidadao-1600X1080JPG-37-300x203.jpg 300w, https:\/\/prefeitura.santarosa.rs.gov.br\/wp-content\/uploads\/2026\/01\/Formato-Portal-do-Cidadao-1600X1080JPG-37-768x518.jpg 768w, https:\/\/prefeitura.santarosa.rs.gov.br\/wp-content\/uploads\/2026\/01\/Formato-Portal-do-Cidadao-1600X1080JPG-37-1536x1037.jpg 1536w, https:\/\/prefeitura.santarosa.rs.gov.br\/wp-content\/uploads\/2026\/01\/Formato-Portal-do-Cidadao-1600X1080JPG-37.jpg 1600w\" sizes=\"(max-width: 1024px) 100vw, 1024px\" \/><\/figure>\n\n\n\n<p>Amanh\u00e3 iniciam os Jogos de Ver\u00e3o 2026. A abertura ser\u00e1 a partir das 19h, no Parc\u00e3o e ter\u00e1 um show da Banda Sorvete Seco. Ser\u00e3o 15 noites de muitas competi\u00e7\u00f5es durante os meses de janeiro, fevereiro e mar\u00e7o, abrindo o calend\u00e1rio oficial das atividades esportivas. O evento da Prefeitura conta com a parceria com SESI e apoio do Sicredi.&nbsp;<\/p>\n\n\n\n<p>Esta \u00e9 a maior edi\u00e7\u00e3o do evento, com 176 equipes participantes e mais de 1.500 atletas inscritos. O Secret\u00e1rio de Esportes, Cauh\u00e3 Pereira refor\u00e7a que esse evento movimenta n\u00e3o s\u00f3 os atletas, mas toda a comunidade, \u201cA cada edi\u00e7\u00e3o estamos inovando, pois este evento faz com que a comunidade venha para o Parc\u00e3o n\u00e3o s\u00f3 para jogar, mas as fam\u00edlias v\u00eam assistir e as crian\u00e7as brincar. Queremos que seja cada vez mais um ambiente familiar e de bem-estar para nossa comunidade\u201d.&nbsp;<\/p>\n\n\n\n<p>Al\u00e9m disso, a edi\u00e7\u00e3o de 2026 trar\u00e1 novidades, com lanches, bebidas e artesanato. Os jogos ser\u00e3o realizados nas modalidades de futebol de areia, basquete, v\u00f4lei, c\u00e2mbio, futev\u00f4lei, beach tennis, handbeach e luta. Os Jogos de Ver\u00e3o encerram dia 05 de mar\u00e7o.<\/p>\n","protected":false},"excerpt":{"rendered":"<p>Amanh\u00e3 iniciam os Jogos de Ver\u00e3o 2026. A abertura ser\u00e1 a partir das 19h, no Parc\u00e3o e ter\u00e1 um show<\/p>\n","protected":false},"author":12,"featured_media":15960,"comment_status":"closed","ping_status":"open","sticky":false,"template":"","format":"standard","meta":{"footnotes":""},"categories":[4,19],"tags":[],"class_list":["post-15958","post","type-post","status-publish","format-standard","has-post-thumbnail","hentry","category-noticias","category-secretaria-municipal-de-esporte"],"aioseo_notices":[],"_links":{"self":[{"href":"https:\/\/prefeitura.santarosa.rs.gov.br\/index.php?rest_route=\/wp\/v2\/posts\/15958","targetHints":{"allow":["GET"]}}],"collection":[{"href":"https:\/\/prefeitura.santarosa.rs.gov.br\/index.php?rest_route=\/wp\/v2\/posts"}],"about":[{"href":"https:\/\/prefeitura.santarosa.rs.gov.br\/index.php?rest_route=\/wp\/v2\/types\/post"}],"author":[{"embeddable":true,"href":"https:\/\/prefeitura.santarosa.rs.gov.br\/index.php?rest_route=\/wp\/v2\/users\/12"}],"replies":[{"embeddable":true,"href":"https:\/\/prefeitura.santarosa.rs.gov.br\/index.php?rest_route=%2Fwp%2Fv2%2Fcomments&post=15958"}],"version-history":[{"count":1,"href":"https:\/\/prefeitura.santarosa.rs.gov.br\/index.php?rest_route=\/wp\/v2\/posts\/15958\/revisions"}],"predecessor-version":[{"id":15961,"href":"https:\/\/prefeitura.santarosa.rs.gov.br\/index.php?rest_route=\/wp\/v2\/posts\/15958\/revisions\/15961"}],"wp:featuredmedia":[{"embeddable":true,"href":"https:\/\/prefeitura.santarosa.rs.gov.br\/index.php?rest_route=\/wp\/v2\/media\/15960"}],"wp:attachment":[{"href":"https:\/\/prefeitura.santarosa.rs.gov.br\/index.php?rest_route=%2Fwp%2Fv2%2Fmedia&parent=15958"}],"wp:term":[{"taxonomy":"category","embeddable":true,"href":"https:\/\/prefeitura.santarosa.rs.gov.br\/index.php?rest_route=%2Fwp%2Fv2%2Fcategories&post=15958"},{"taxonomy":"post_tag","embeddable":true,"href":"https:\/\/prefeitura.santarosa.rs.gov.br\/index.php?rest_route=%2Fwp%2Fv2%2Ftags&post=15958"}],"curies":[{"name":"wp","href":"https:\/\/api.w.org\/{rel}","templated":true}]}}