{"id":15953,"date":"2026-01-23T14:25:54","date_gmt":"2026-01-23T17:25:54","guid":{"rendered":"https:\/\/prefeitura.santarosa.rs.gov.br\/?p=15953"},"modified":"2026-01-23T14:25:55","modified_gmt":"2026-01-23T17:25:55","slug":"vai-comecar-a-2a-fase-do-plano-de-mobilidade-2","status":"publish","type":"post","link":"https:\/\/prefeitura.santarosa.rs.gov.br\/?p=15953","title":{"rendered":"Vai come\u00e7ar a 2\u00aa fase do Plano de Mobilidade"},"content":{"rendered":"\n<figure class=\"wp-block-image size-large\"><img fetchpriority=\"high\" decoding=\"async\" width=\"1024\" height=\"768\" src=\"https:\/\/prefeitura.santarosa.rs.gov.br\/wp-content\/uploads\/2026\/01\/WhatsApp-Image-2026-01-23-at-10.04.34-1024x768.jpeg\" alt=\"\" class=\"wp-image-15954\" srcset=\"https:\/\/prefeitura.santarosa.rs.gov.br\/wp-content\/uploads\/2026\/01\/WhatsApp-Image-2026-01-23-at-10.04.34-1024x768.jpeg 1024w, https:\/\/prefeitura.santarosa.rs.gov.br\/wp-content\/uploads\/2026\/01\/WhatsApp-Image-2026-01-23-at-10.04.34-300x225.jpeg 300w, https:\/\/prefeitura.santarosa.rs.gov.br\/wp-content\/uploads\/2026\/01\/WhatsApp-Image-2026-01-23-at-10.04.34-768x576.jpeg 768w, https:\/\/prefeitura.santarosa.rs.gov.br\/wp-content\/uploads\/2026\/01\/WhatsApp-Image-2026-01-23-at-10.04.34.jpeg 1280w\" sizes=\"(max-width: 1024px) 100vw, 1024px\" \/><\/figure>\n\n\n\n<p>Mais um importante passo na transforma\u00e7\u00e3o da mobilidade de Santa Rosa. Esta em andamento desde dezembro a 2\u00aa fase do Plano de Mobilidade. Esta etapa contempla modifica\u00e7\u00f5es na Avenida Expedicion\u00e1rio Weber da Vila Beatriz at\u00e9 Cruzeiro. Al\u00e9m das modifica\u00e7\u00f5es na via, o projeto tamb\u00e9m contempla melhorias na infraestrutura.<br>Sempre que ocorria uma chuva forte, trechos da Avenida Expedicion\u00e1rio Weber, nas proximidades da Prefeitura acumulavam \u00e1gua. Agora, esse problema est\u00e1 sendo solucionado com a reforma na rede de drenagem pluvial, \u201cEstamos resolvendo problemas do passado e do presente e projetando a estrutura de Santa Rosa para o futuro\u201d, destaca Anderson Mantei. A segunda etapa do plano de mobilidade contempla a conclus\u00e3o da Av. Expedicion\u00e1rio Weber, com obras no trecho entre a Rua Farrapos e a Av. Flores da Cunha. Al\u00e9m da reforma na rede de drenagem, essa fase contempla tamb\u00e9m adequa\u00e7\u00e3o dos canteiros com implementa\u00e7\u00e3o de pontos centrais de retorno, readequa\u00e7\u00e3o da ciclovia, elimina\u00e7\u00e3o da sinaleira da Av. Br\u00e1ulio de Oliveira, implanta\u00e7\u00e3o de novas r\u00f3tulas nas ruas Sol Poente, J\u00falio Gaviraghi e Germano Dochkhorn, recapeamento asf\u00e1ltico, paisagismo e sinaliza\u00e7\u00e3o.<br>Nos pr\u00f3ximos dias deve encerrar a obra de drenagem e come\u00e7ar as a\u00e7\u00f5es para adequa\u00e7\u00f5es dos canteiros. A terceira etapa est\u00e1 em processo de licita\u00e7\u00e3o, e ir\u00e1 contemplar a implanta\u00e7\u00e3o dos bin\u00e1rios no centro da cidade. A previs\u00e3o \u00e9 de que essa etapa se inicie no m\u00eas de mar\u00e7o. As duas etapas t\u00eam previs\u00e3o de conclus\u00e3o at\u00e9 dezembro.<\/p>\n","protected":false},"excerpt":{"rendered":"<p>Mais um importante passo na transforma\u00e7\u00e3o da mobilidade de Santa Rosa. Esta em andamento desde dezembro a 2\u00aa fase do<\/p>\n","protected":false},"author":12,"featured_media":15955,"comment_status":"closed","ping_status":"closed","sticky":false,"template":"","format":"standard","meta":{"footnotes":""},"categories":[4,22],"tags":[],"class_list":["post-15953","post","type-post","status-publish","format-standard","has-post-thumbnail","hentry","category-noticias","category-secretaria-municipal-de-planejamento-e-habitacao"],"aioseo_notices":[],"_links":{"self":[{"href":"https:\/\/prefeitura.santarosa.rs.gov.br\/index.php?rest_route=\/wp\/v2\/posts\/15953","targetHints":{"allow":["GET"]}}],"collection":[{"href":"https:\/\/prefeitura.santarosa.rs.gov.br\/index.php?rest_route=\/wp\/v2\/posts"}],"about":[{"href":"https:\/\/prefeitura.santarosa.rs.gov.br\/index.php?rest_route=\/wp\/v2\/types\/post"}],"author":[{"embeddable":true,"href":"https:\/\/prefeitura.santarosa.rs.gov.br\/index.php?rest_route=\/wp\/v2\/users\/12"}],"replies":[{"embeddable":true,"href":"https:\/\/prefeitura.santarosa.rs.gov.br\/index.php?rest_route=%2Fwp%2Fv2%2Fcomments&post=15953"}],"version-history":[{"count":1,"href":"https:\/\/prefeitura.santarosa.rs.gov.br\/index.php?rest_route=\/wp\/v2\/posts\/15953\/revisions"}],"predecessor-version":[{"id":15956,"href":"https:\/\/prefeitura.santarosa.rs.gov.br\/index.php?rest_route=\/wp\/v2\/posts\/15953\/revisions\/15956"}],"wp:featuredmedia":[{"embeddable":true,"href":"https:\/\/prefeitura.santarosa.rs.gov.br\/index.php?rest_route=\/wp\/v2\/media\/15955"}],"wp:attachment":[{"href":"https:\/\/prefeitura.santarosa.rs.gov.br\/index.php?rest_route=%2Fwp%2Fv2%2Fmedia&parent=15953"}],"wp:term":[{"taxonomy":"category","embeddable":true,"href":"https:\/\/prefeitura.santarosa.rs.gov.br\/index.php?rest_route=%2Fwp%2Fv2%2Fcategories&post=15953"},{"taxonomy":"post_tag","embeddable":true,"href":"https:\/\/prefeitura.santarosa.rs.gov.br\/index.php?rest_route=%2Fwp%2Fv2%2Ftags&post=15953"}],"curies":[{"name":"wp","href":"https:\/\/api.w.org\/{rel}","templated":true}]}}