{"id":15935,"date":"2026-01-22T14:43:58","date_gmt":"2026-01-22T17:43:58","guid":{"rendered":"https:\/\/prefeitura.santarosa.rs.gov.br\/?p=15935"},"modified":"2026-01-22T15:13:36","modified_gmt":"2026-01-22T18:13:36","slug":"regularizacao-fundiaria-para-mais-642-familias-2","status":"publish","type":"post","link":"https:\/\/prefeitura.santarosa.rs.gov.br\/?p=15935","title":{"rendered":"Regulariza\u00e7\u00e3o Fundi\u00e1ria para mais 642 fam\u00edlias"},"content":{"rendered":"\n<figure class=\"wp-block-image size-large\"><img fetchpriority=\"high\" decoding=\"async\" width=\"1024\" height=\"768\" src=\"https:\/\/prefeitura.santarosa.rs.gov.br\/wp-content\/uploads\/2026\/01\/WhatsApp-Image-2026-01-22-at-09.54.20-4-1024x768.jpeg\" alt=\"\" class=\"wp-image-15936\" srcset=\"https:\/\/prefeitura.santarosa.rs.gov.br\/wp-content\/uploads\/2026\/01\/WhatsApp-Image-2026-01-22-at-09.54.20-4-1024x768.jpeg 1024w, https:\/\/prefeitura.santarosa.rs.gov.br\/wp-content\/uploads\/2026\/01\/WhatsApp-Image-2026-01-22-at-09.54.20-4-300x225.jpeg 300w, https:\/\/prefeitura.santarosa.rs.gov.br\/wp-content\/uploads\/2026\/01\/WhatsApp-Image-2026-01-22-at-09.54.20-4-768x576.jpeg 768w, https:\/\/prefeitura.santarosa.rs.gov.br\/wp-content\/uploads\/2026\/01\/WhatsApp-Image-2026-01-22-at-09.54.20-4-1536x1152.jpeg 1536w, https:\/\/prefeitura.santarosa.rs.gov.br\/wp-content\/uploads\/2026\/01\/WhatsApp-Image-2026-01-22-at-09.54.20-4.jpeg 1600w\" sizes=\"(max-width: 1024px) 100vw, 1024px\" \/><\/figure>\n\n\n\n<p><\/p>\n\n\n\n<p>A Regulariza\u00e7\u00e3o Fundi\u00e1ria Urbana (REURB) segue transformando a realidade de centenas de fam\u00edlias do munic\u00edpio, garantindo dignidade, seguran\u00e7a jur\u00eddica e o direito definitivo \u00e0 moradia. A Prefeitura, realizou a regulariza\u00e7\u00e3o de 642 escrituras p\u00fablicas de im\u00f3veis s\u00f3 neste ano. Destas, 391 foram entregues para fam\u00edlias em um ato realizado no Centro C\u00edvico.&nbsp;<\/p>\n\n\n\n<p>A a\u00e7\u00e3o de entrega ocorreu no Centro C\u00edvico \u00e0s 9 horas e contou com representantes de 391 fam\u00edlias. As demais j\u00e1 foram entregues. Marcio Silveira Machado, morador da Auxiliadora esperava h\u00e1 duas d\u00e9cadas por esse momento, \u201cN\u00f3s estamos esperando h\u00e1 mais de 20 anos por isso, era um sonho nosso. \u00c9 realmente um sonho realizado, a gente s\u00f3 pode agradecer a Administra\u00e7\u00e3o\u201d. A Regulariza\u00e7\u00e3o Fundi\u00e1ria representa muito mais do que um documento, ela assegura o direito da propriedade, possibilita acesso para cr\u00e9dito, valoriza os im\u00f3veis e garante tranquilidade \u00e0s fam\u00edlias, que passam a ter a posse legal de suas moradias.&nbsp;<\/p>\n\n\n\n<p>O Vice-prefeito, Aldemir Ulrich, que participou do ato, destacou que j\u00e1 foram mais de 1.300 mil fam\u00edlias contempladas com a regulariza\u00e7\u00e3o, \u201cEstamos cumprindo o que prometemos l\u00e1 na primeira campanha, que iriamos ter a regulariza\u00e7\u00e3o como uma das prioridades de nosso governo, e \u00e9 o que estamos fazendo, j\u00e1 realizamos mais de 1.300 at\u00e9 o momento\u201d. Na entrega desta quinta-feira(22), foram contempladas fam\u00edlias dos seguintes loteamentos e comunidades: Nova Esperan\u00e7a (25 fam\u00edlias), Nossa Senhora Aparecida (93), Cruzeiro do Sul (23), Valdemar Pisoni (162), Vicente Cardoso (117), Auxiliadora (36), Bom Jesus I (28), Bom Sucesso (26) e Bom Retiro (132).<\/p>\n","protected":false},"excerpt":{"rendered":"<p>A Regulariza\u00e7\u00e3o Fundi\u00e1ria Urbana (REURB) segue transformando a realidade de centenas de fam\u00edlias do munic\u00edpio, garantindo dignidade, seguran\u00e7a jur\u00eddica e<\/p>\n","protected":false},"author":12,"featured_media":15937,"comment_status":"open","ping_status":"open","sticky":false,"template":"","format":"standard","meta":{"footnotes":""},"categories":[1],"tags":[],"class_list":["post-15935","post","type-post","status-publish","format-standard","has-post-thumbnail","hentry","category-sem-categoria"],"aioseo_notices":[],"_links":{"self":[{"href":"https:\/\/prefeitura.santarosa.rs.gov.br\/index.php?rest_route=\/wp\/v2\/posts\/15935","targetHints":{"allow":["GET"]}}],"collection":[{"href":"https:\/\/prefeitura.santarosa.rs.gov.br\/index.php?rest_route=\/wp\/v2\/posts"}],"about":[{"href":"https:\/\/prefeitura.santarosa.rs.gov.br\/index.php?rest_route=\/wp\/v2\/types\/post"}],"author":[{"embeddable":true,"href":"https:\/\/prefeitura.santarosa.rs.gov.br\/index.php?rest_route=\/wp\/v2\/users\/12"}],"replies":[{"embeddable":true,"href":"https:\/\/prefeitura.santarosa.rs.gov.br\/index.php?rest_route=%2Fwp%2Fv2%2Fcomments&post=15935"}],"version-history":[{"count":2,"href":"https:\/\/prefeitura.santarosa.rs.gov.br\/index.php?rest_route=\/wp\/v2\/posts\/15935\/revisions"}],"predecessor-version":[{"id":15939,"href":"https:\/\/prefeitura.santarosa.rs.gov.br\/index.php?rest_route=\/wp\/v2\/posts\/15935\/revisions\/15939"}],"wp:featuredmedia":[{"embeddable":true,"href":"https:\/\/prefeitura.santarosa.rs.gov.br\/index.php?rest_route=\/wp\/v2\/media\/15937"}],"wp:attachment":[{"href":"https:\/\/prefeitura.santarosa.rs.gov.br\/index.php?rest_route=%2Fwp%2Fv2%2Fmedia&parent=15935"}],"wp:term":[{"taxonomy":"category","embeddable":true,"href":"https:\/\/prefeitura.santarosa.rs.gov.br\/index.php?rest_route=%2Fwp%2Fv2%2Fcategories&post=15935"},{"taxonomy":"post_tag","embeddable":true,"href":"https:\/\/prefeitura.santarosa.rs.gov.br\/index.php?rest_route=%2Fwp%2Fv2%2Ftags&post=15935"}],"curies":[{"name":"wp","href":"https:\/\/api.w.org\/{rel}","templated":true}]}}