{"id":15922,"date":"2026-01-21T17:06:40","date_gmt":"2026-01-21T20:06:40","guid":{"rendered":"https:\/\/prefeitura.santarosa.rs.gov.br\/?p=15922"},"modified":"2026-01-21T17:06:41","modified_gmt":"2026-01-21T20:06:41","slug":"obra-do-ginasio-avanca","status":"publish","type":"post","link":"https:\/\/prefeitura.santarosa.rs.gov.br\/?p=15922","title":{"rendered":"Obra do Gin\u00e1sio avan\u00e7a"},"content":{"rendered":"\n<figure class=\"wp-block-image size-large\"><img fetchpriority=\"high\" decoding=\"async\" width=\"1024\" height=\"768\" src=\"https:\/\/prefeitura.santarosa.rs.gov.br\/wp-content\/uploads\/2026\/01\/WhatsApp-Image-2026-01-20-at-11.11.32-1024x768.jpeg\" alt=\"\" class=\"wp-image-15923\" srcset=\"https:\/\/prefeitura.santarosa.rs.gov.br\/wp-content\/uploads\/2026\/01\/WhatsApp-Image-2026-01-20-at-11.11.32-1024x768.jpeg 1024w, https:\/\/prefeitura.santarosa.rs.gov.br\/wp-content\/uploads\/2026\/01\/WhatsApp-Image-2026-01-20-at-11.11.32-300x225.jpeg 300w, https:\/\/prefeitura.santarosa.rs.gov.br\/wp-content\/uploads\/2026\/01\/WhatsApp-Image-2026-01-20-at-11.11.32-768x576.jpeg 768w, https:\/\/prefeitura.santarosa.rs.gov.br\/wp-content\/uploads\/2026\/01\/WhatsApp-Image-2026-01-20-at-11.11.32.jpeg 1280w\" sizes=\"(max-width: 1024px) 100vw, 1024px\" \/><\/figure>\n\n\n\n<p>Quem passa pela Avenida Am\u00e9rica pode perceber o avan\u00e7o da obra do Novo Gin\u00e1sio. A obra que reiniciou no fim do ano passado, ap\u00f3s uma fase de estudos e reestrutura\u00e7\u00e3o da base, j\u00e1 est\u00e1 30% finalizada.&nbsp;<\/p>\n\n\n\n<p>Essa etapa da estrutura pr\u00e9-fabricada compreende a instala\u00e7\u00e3o de pilares, vigas e demais componentes estruturais. Na sequ\u00eancia, ter\u00e1 in\u00edcio a instala\u00e7\u00e3o das estruturas met\u00e1licas e da cobertura. O Prefeito Anderson Mantei, destaca que esse ano a comunidade j\u00e1 vai poder desfrutar de mais est\u00e1 importante obra, \u201cO novo gin\u00e1sio vai possibilitar o avan\u00e7o de competi\u00e7\u00f5es maiores, shows e demais a\u00e7\u00f5es que poder\u00e3o ser realizadas no local, impulsionando o esporte e o turismo. Vamos entrar no cen\u00e1rio nacional para jogos e demais atividades\u201d.&nbsp;<\/p>\n\n\n\n<p>O novo Gin\u00e1sio Municipal ter\u00e1 capacidade para mais de 4 mil pessoas, sendo 2.100 lugares sentados. O local contar\u00e1 com quadra nos padr\u00f5es oficiais para competi\u00e7\u00f5es esportivas, palco para shows e eventos, sala de imprensa, vesti\u00e1rios, sanit\u00e1rios, estacionamento, ilumina\u00e7\u00e3o moderna e lanchonete\/bar. O investimento total no projeto \u00e9 superior a R$ 19,3 milh\u00f5es. A previs\u00e3o de entrega \u00e9 para julho de 2026.<\/p>\n","protected":false},"excerpt":{"rendered":"<p>Quem passa pela Avenida Am\u00e9rica pode perceber o avan\u00e7o da obra do Novo Gin\u00e1sio. A obra que reiniciou no fim<\/p>\n","protected":false},"author":12,"featured_media":15924,"comment_status":"closed","ping_status":"closed","sticky":false,"template":"","format":"standard","meta":{"footnotes":""},"categories":[4,22],"tags":[],"class_list":["post-15922","post","type-post","status-publish","format-standard","has-post-thumbnail","hentry","category-noticias","category-secretaria-municipal-de-planejamento-e-habitacao"],"aioseo_notices":[],"_links":{"self":[{"href":"https:\/\/prefeitura.santarosa.rs.gov.br\/index.php?rest_route=\/wp\/v2\/posts\/15922","targetHints":{"allow":["GET"]}}],"collection":[{"href":"https:\/\/prefeitura.santarosa.rs.gov.br\/index.php?rest_route=\/wp\/v2\/posts"}],"about":[{"href":"https:\/\/prefeitura.santarosa.rs.gov.br\/index.php?rest_route=\/wp\/v2\/types\/post"}],"author":[{"embeddable":true,"href":"https:\/\/prefeitura.santarosa.rs.gov.br\/index.php?rest_route=\/wp\/v2\/users\/12"}],"replies":[{"embeddable":true,"href":"https:\/\/prefeitura.santarosa.rs.gov.br\/index.php?rest_route=%2Fwp%2Fv2%2Fcomments&post=15922"}],"version-history":[{"count":1,"href":"https:\/\/prefeitura.santarosa.rs.gov.br\/index.php?rest_route=\/wp\/v2\/posts\/15922\/revisions"}],"predecessor-version":[{"id":15925,"href":"https:\/\/prefeitura.santarosa.rs.gov.br\/index.php?rest_route=\/wp\/v2\/posts\/15922\/revisions\/15925"}],"wp:featuredmedia":[{"embeddable":true,"href":"https:\/\/prefeitura.santarosa.rs.gov.br\/index.php?rest_route=\/wp\/v2\/media\/15924"}],"wp:attachment":[{"href":"https:\/\/prefeitura.santarosa.rs.gov.br\/index.php?rest_route=%2Fwp%2Fv2%2Fmedia&parent=15922"}],"wp:term":[{"taxonomy":"category","embeddable":true,"href":"https:\/\/prefeitura.santarosa.rs.gov.br\/index.php?rest_route=%2Fwp%2Fv2%2Fcategories&post=15922"},{"taxonomy":"post_tag","embeddable":true,"href":"https:\/\/prefeitura.santarosa.rs.gov.br\/index.php?rest_route=%2Fwp%2Fv2%2Ftags&post=15922"}],"curies":[{"name":"wp","href":"https:\/\/api.w.org\/{rel}","templated":true}]}}