{"id":1592,"date":"2021-05-03T14:38:00","date_gmt":"2021-05-03T17:38:00","guid":{"rendered":"https:\/\/prefeitura.santarosa.rs.gov.br\/?p=1592"},"modified":"2024-10-07T09:55:14","modified_gmt":"2024-10-07T12:55:14","slug":"vacinacao-para-pessoas-com-comorbidades","status":"publish","type":"post","link":"https:\/\/prefeitura.santarosa.rs.gov.br\/?p=1592","title":{"rendered":"Vacina\u00e7\u00e3o para pessoas com comorbidades"},"content":{"rendered":"\n<p>Come\u00e7ou nessa segunda-feira(03), \u00e0s 13h30, a vacina\u00e7\u00e3o das pessoas com comorbidades em Santa Rosa.<\/p>\n\n\n\n<p>Vacina\u00e7\u00e3o para pessoas com comorbidades<br><br>Come\u00e7ou nessa segunda-feira(03), \u00e0s 13h30, a vacina\u00e7\u00e3o das pessoas com comorbidades em Santa Rosa. Ser\u00e3o vacinadas, hoje, pessoas que pertencem aos grupos listados abaixo:<br>-Pessoas com S\u00edndrome de Down com 18 anos ou mais<br>-Gestantes e pu\u00e9rperas com comorbidades \u2013 18 anos ou mais<br>-Portadores de defici\u00eancia cadastrados no plano Beneficio de Presta\u00e7\u00e3o Continuada (BPC) entre 55 e 59 anos<br>-Diab\u00e9ticos dos 55 aos 59 anos<br><br>Os demais grupos de comorbidades ser\u00e3o vacinados na ter\u00e7a e quarta-feira, considerando a lista de comorbidades inclu\u00eddas nos grupos priorit\u00e1rios da vacina\u00e7\u00e3o contra a COVID-19 e suas descri\u00e7\u00f5es (conforme tabela abaixo). Sendo o p\u00fablico alvo, pessoas de 55 a 59 anos com estas comorbidades.<br><br>(ANEXO)<br><br>A aplica\u00e7\u00e3o das doses ser\u00e1 feita em todas as Unidades B\u00e1sicas de Sa\u00fade. O atendimento ser\u00e1 mediante agendamento pr\u00e9vio por telefone ou presencial. Todos que forem se vacinar precisam levar documento com foto e se poss\u00edvel caderneta de vacina\u00e7\u00e3o. Pacientes que habitualmente consultam na UBS n\u00e3o necessitam de atestado. Os demais devem apresentar atestado m\u00e9dico comprovando a comorbidade elencada pelo minist\u00e9rio da sa\u00fade.<br><br>D\u00favidas e Informa\u00e7\u00f5es: vacinacovid@fumssar.com.br<\/p>\n","protected":false},"excerpt":{"rendered":"<p>Come\u00e7ou nessa segunda-feira(03), \u00e0s 13h30, a vacina\u00e7\u00e3o das pessoas com comorbidades em Santa Rosa. Vacina\u00e7\u00e3o para pessoas com comorbidades Come\u00e7ou<\/p>\n","protected":false},"author":3,"featured_media":1593,"comment_status":"open","ping_status":"open","sticky":false,"template":"","format":"standard","meta":{"footnotes":""},"categories":[6,4,8],"tags":[],"class_list":["post-1592","post","type-post","status-publish","format-standard","has-post-thumbnail","hentry","category-covid-19","category-noticias","category-noticias-fumssar"],"aioseo_notices":[],"_links":{"self":[{"href":"https:\/\/prefeitura.santarosa.rs.gov.br\/index.php?rest_route=\/wp\/v2\/posts\/1592","targetHints":{"allow":["GET"]}}],"collection":[{"href":"https:\/\/prefeitura.santarosa.rs.gov.br\/index.php?rest_route=\/wp\/v2\/posts"}],"about":[{"href":"https:\/\/prefeitura.santarosa.rs.gov.br\/index.php?rest_route=\/wp\/v2\/types\/post"}],"author":[{"embeddable":true,"href":"https:\/\/prefeitura.santarosa.rs.gov.br\/index.php?rest_route=\/wp\/v2\/users\/3"}],"replies":[{"embeddable":true,"href":"https:\/\/prefeitura.santarosa.rs.gov.br\/index.php?rest_route=%2Fwp%2Fv2%2Fcomments&post=1592"}],"version-history":[{"count":1,"href":"https:\/\/prefeitura.santarosa.rs.gov.br\/index.php?rest_route=\/wp\/v2\/posts\/1592\/revisions"}],"predecessor-version":[{"id":1594,"href":"https:\/\/prefeitura.santarosa.rs.gov.br\/index.php?rest_route=\/wp\/v2\/posts\/1592\/revisions\/1594"}],"wp:featuredmedia":[{"embeddable":true,"href":"https:\/\/prefeitura.santarosa.rs.gov.br\/index.php?rest_route=\/wp\/v2\/media\/1593"}],"wp:attachment":[{"href":"https:\/\/prefeitura.santarosa.rs.gov.br\/index.php?rest_route=%2Fwp%2Fv2%2Fmedia&parent=1592"}],"wp:term":[{"taxonomy":"category","embeddable":true,"href":"https:\/\/prefeitura.santarosa.rs.gov.br\/index.php?rest_route=%2Fwp%2Fv2%2Fcategories&post=1592"},{"taxonomy":"post_tag","embeddable":true,"href":"https:\/\/prefeitura.santarosa.rs.gov.br\/index.php?rest_route=%2Fwp%2Fv2%2Ftags&post=1592"}],"curies":[{"name":"wp","href":"https:\/\/api.w.org\/{rel}","templated":true}]}}