{"id":15912,"date":"2026-01-20T16:23:26","date_gmt":"2026-01-20T19:23:26","guid":{"rendered":"https:\/\/prefeitura.santarosa.rs.gov.br\/?p=15912"},"modified":"2026-01-20T16:27:03","modified_gmt":"2026-01-20T19:27:03","slug":"janeiro-branco-prefeitura-promove-programacao-diversificada-para-conscientizar-sobre-saude-mental","status":"publish","type":"post","link":"https:\/\/prefeitura.santarosa.rs.gov.br\/?p=15912","title":{"rendered":"Janeiro Branco: Prefeitura promove programa\u00e7\u00e3o diversificada para conscientizar sobre sa\u00fade mental"},"content":{"rendered":"\n<figure class=\"wp-block-image size-large\"><img fetchpriority=\"high\" decoding=\"async\" width=\"1024\" height=\"556\" src=\"https:\/\/prefeitura.santarosa.rs.gov.br\/wp-content\/uploads\/2026\/01\/WhatsApp-Image-2026-01-20-at-16.01.57-1024x556.jpeg\" alt=\"\" class=\"wp-image-15913\" srcset=\"https:\/\/prefeitura.santarosa.rs.gov.br\/wp-content\/uploads\/2026\/01\/WhatsApp-Image-2026-01-20-at-16.01.57-1024x556.jpeg 1024w, https:\/\/prefeitura.santarosa.rs.gov.br\/wp-content\/uploads\/2026\/01\/WhatsApp-Image-2026-01-20-at-16.01.57-300x163.jpeg 300w, https:\/\/prefeitura.santarosa.rs.gov.br\/wp-content\/uploads\/2026\/01\/WhatsApp-Image-2026-01-20-at-16.01.57-768x417.jpeg 768w, https:\/\/prefeitura.santarosa.rs.gov.br\/wp-content\/uploads\/2026\/01\/WhatsApp-Image-2026-01-20-at-16.01.57-1536x833.jpeg 1536w, https:\/\/prefeitura.santarosa.rs.gov.br\/wp-content\/uploads\/2026\/01\/WhatsApp-Image-2026-01-20-at-16.01.57.jpeg 1600w\" sizes=\"(max-width: 1024px) 100vw, 1024px\" \/><\/figure>\n\n\n\n<p>O m\u00eas de janeiro \u00e9 marcado pela campanha nacional Janeiro Branco. A inten\u00e7\u00e3o \u00e9 chamar a aten\u00e7\u00e3o da sociedade para as quest\u00f5es relacionadas \u00e0 sa\u00fade mental e emocional. Em Santa Rosa, a Rede de Aten\u00e7\u00e3o Psicossocial (RAPS) da Fumssar preparou uma agenda intensa de atividades que refor\u00e7am o cuidado integral e a inclus\u00e3o social dos usu\u00e1rios. Segundo a psic\u00f3loga e gerente da RAPS, Fl\u00e1via Albuquerque, &#8220;Temos aqui em Santa Rosa um projeto chamado &#8216;Sa\u00fade Mental de Janeiro a Janeiro&#8217;. Nosso objetivo \u00e9 que as a\u00e7\u00f5es n\u00e3o fiquem restritas apenas a este m\u00eas, mas que possamos cuidar da sa\u00fade mental das pessoas durante todo o ano e de forma integral&#8221;.&nbsp;<\/p>\n\n\n\n<p>Programa\u00e7\u00e3o une arte, esporte e lazer:<\/p>\n\n\n\n<p>A programa\u00e7\u00e3o deste ano foi pensada para ir al\u00e9m do consult\u00f3rio, utilizando pr\u00e1ticas que promovem o bem-estar f\u00edsico e a express\u00e3o criativa. Entre as a\u00e7\u00f5es realizadas com os usu\u00e1rios dos servi\u00e7os de sa\u00fade mental, destacam-se:<\/p>\n\n\n\n<p>&nbsp;* Oficinas de Fotografia: Estimulando novos olhares sobre o cotidiano.<\/p>\n\n\n\n<p>&nbsp;* Inf\u00e2ncia em Foco: Grupos para crian\u00e7as com brincadeiras de roda.<\/p>\n\n\n\n<p>&nbsp;* Pr\u00e1ticas Integrativas (PICS): Atividades de dan\u00e7a circular, promovendo conex\u00e3o e movimento.<\/p>\n\n\n\n<p>&nbsp;* Esporte e Vida: Partidas de Beach T\u00eanis, v\u00f4lei de areia e atividades em academia.<\/p>\n\n\n\n<p>* Pedal do janeiro branco: passeio cicl\u00edstico com a participa\u00e7\u00e3o da sociedade alertando para os cuidados em sa\u00fade mental e a import\u00e2ncia da pr\u00e1tica de atividade f\u00edsica para o corpo e a mente.<\/p>\n\n\n\n<p>Amplia\u00e7\u00e3o do Acesso: Atendimento Noturno:<\/p>\n\n\n\n<p>Com o objetivo de acolher aqueles que n\u00e3o conseguem buscar ajuda no hor\u00e1rio comercial, a RAPS implementou o atendimento por livre demanda \u00e0 noite nos centros CAPS Novo Rumo e CAPS AD Movimento. A iniciativa visa garantir que ningu\u00e9m fique sem suporte em momentos de sofrimento mental por limita\u00e7\u00f5es de hor\u00e1rio.<\/p>\n\n\n\n<p>Mostra de Artes e M\u00fasica no Centro Cultural. Um dos pontos altos da programa\u00e7\u00e3o ocorre no dia 28 de janeiro, no Centro Cultural de Santa Rosa. A \u201cMostra de Artes e Sa\u00fade Mental\u201d apresentar\u00e1 trabalhos art\u00edsticos produzidos pelos usu\u00e1rios dos CAPS, al\u00e9m de uma apresenta\u00e7\u00e3o especial do grupo de m\u00fasica Tudo Aberto. O evento \u00e9 aberto \u00e0 comunidade, servindo como um espa\u00e7o de reflex\u00e3o, combate ao estigma e celebra\u00e7\u00e3o do cuidado.<\/p>\n","protected":false},"excerpt":{"rendered":"<p>O m\u00eas de janeiro \u00e9 marcado pela campanha nacional Janeiro Branco. A inten\u00e7\u00e3o \u00e9 chamar a aten\u00e7\u00e3o da sociedade para<\/p>\n","protected":false},"author":12,"featured_media":15914,"comment_status":"closed","ping_status":"closed","sticky":false,"template":"","format":"standard","meta":{"footnotes":""},"categories":[4,8],"tags":[],"class_list":["post-15912","post","type-post","status-publish","format-standard","has-post-thumbnail","hentry","category-noticias","category-noticias-fumssar"],"aioseo_notices":[],"_links":{"self":[{"href":"https:\/\/prefeitura.santarosa.rs.gov.br\/index.php?rest_route=\/wp\/v2\/posts\/15912","targetHints":{"allow":["GET"]}}],"collection":[{"href":"https:\/\/prefeitura.santarosa.rs.gov.br\/index.php?rest_route=\/wp\/v2\/posts"}],"about":[{"href":"https:\/\/prefeitura.santarosa.rs.gov.br\/index.php?rest_route=\/wp\/v2\/types\/post"}],"author":[{"embeddable":true,"href":"https:\/\/prefeitura.santarosa.rs.gov.br\/index.php?rest_route=\/wp\/v2\/users\/12"}],"replies":[{"embeddable":true,"href":"https:\/\/prefeitura.santarosa.rs.gov.br\/index.php?rest_route=%2Fwp%2Fv2%2Fcomments&post=15912"}],"version-history":[{"count":1,"href":"https:\/\/prefeitura.santarosa.rs.gov.br\/index.php?rest_route=\/wp\/v2\/posts\/15912\/revisions"}],"predecessor-version":[{"id":15915,"href":"https:\/\/prefeitura.santarosa.rs.gov.br\/index.php?rest_route=\/wp\/v2\/posts\/15912\/revisions\/15915"}],"wp:featuredmedia":[{"embeddable":true,"href":"https:\/\/prefeitura.santarosa.rs.gov.br\/index.php?rest_route=\/wp\/v2\/media\/15914"}],"wp:attachment":[{"href":"https:\/\/prefeitura.santarosa.rs.gov.br\/index.php?rest_route=%2Fwp%2Fv2%2Fmedia&parent=15912"}],"wp:term":[{"taxonomy":"category","embeddable":true,"href":"https:\/\/prefeitura.santarosa.rs.gov.br\/index.php?rest_route=%2Fwp%2Fv2%2Fcategories&post=15912"},{"taxonomy":"post_tag","embeddable":true,"href":"https:\/\/prefeitura.santarosa.rs.gov.br\/index.php?rest_route=%2Fwp%2Fv2%2Ftags&post=15912"}],"curies":[{"name":"wp","href":"https:\/\/api.w.org\/{rel}","templated":true}]}}