{"id":15893,"date":"2026-01-13T09:33:04","date_gmt":"2026-01-13T12:33:04","guid":{"rendered":"https:\/\/prefeitura.santarosa.rs.gov.br\/?p=15893"},"modified":"2026-01-20T16:28:57","modified_gmt":"2026-01-20T19:28:57","slug":"aberto-edital-de-chamamento-publico-de-11-boxes-no-mercado-publico-de-santa-rosa","status":"publish","type":"post","link":"https:\/\/prefeitura.santarosa.rs.gov.br\/?p=15893","title":{"rendered":"Aberto Edital de Chamamento P\u00fablico de 11 boxes no Mercado P\u00fablico de Santa Rosa"},"content":{"rendered":"\n<figure class=\"wp-block-image size-large\"><img fetchpriority=\"high\" decoding=\"async\" width=\"1024\" height=\"768\" src=\"https:\/\/prefeitura.santarosa.rs.gov.br\/wp-content\/uploads\/2026\/01\/WhatsApp-Image-2026-01-13-at-08.56.30-1024x768.jpeg\" alt=\"\" class=\"wp-image-15894\" srcset=\"https:\/\/prefeitura.santarosa.rs.gov.br\/wp-content\/uploads\/2026\/01\/WhatsApp-Image-2026-01-13-at-08.56.30-1024x768.jpeg 1024w, https:\/\/prefeitura.santarosa.rs.gov.br\/wp-content\/uploads\/2026\/01\/WhatsApp-Image-2026-01-13-at-08.56.30-300x225.jpeg 300w, https:\/\/prefeitura.santarosa.rs.gov.br\/wp-content\/uploads\/2026\/01\/WhatsApp-Image-2026-01-13-at-08.56.30-768x576.jpeg 768w, https:\/\/prefeitura.santarosa.rs.gov.br\/wp-content\/uploads\/2026\/01\/WhatsApp-Image-2026-01-13-at-08.56.30-1536x1152.jpeg 1536w, https:\/\/prefeitura.santarosa.rs.gov.br\/wp-content\/uploads\/2026\/01\/WhatsApp-Image-2026-01-13-at-08.56.30.jpeg 1600w\" sizes=\"(max-width: 1024px) 100vw, 1024px\" \/><\/figure>\n\n\n\n<p>A Prefeitura de Santa Rosa, por meio da Secretaria de Agricultura, informa \u00e0 popula\u00e7\u00e3o que est\u00e1 aberto o Edital de Chamamento P\u00fablico, visando \u00e0 outorga de permiss\u00e3o de uso onerosa de espa\u00e7os f\u00edsicos (boxes) do Mercado P\u00fablico Eclair Moraginski.<\/p>\n\n\n\n<p>O Mercado P\u00fablico de Santa Rosa conta com 52 boxes, sendo que 11 desses est\u00e3o dispon\u00edveis para permiss\u00e3o tempor\u00e1ria de uso. Estes ser\u00e3o distribu\u00eddos visando \u00e0 explora\u00e7\u00e3o de atividades vinculadas \u00e0 explora\u00e7\u00e3o de agroind\u00fastrias\/ind\u00fastrias, MEI e agricultor. O diferencial desta edi\u00e7\u00e3o \u00e9 que o edital estar\u00e1 aberto tamb\u00e9m aos demais munic\u00edpios da regi\u00e3o.<\/p>\n\n\n\n<p>Os interessados em obter a habilita\u00e7\u00e3o dos boxes vagos devem preencher os requisitos exigidos no processo de sele\u00e7\u00e3o. O Contrato de Permiss\u00e3o de Uso ter\u00e1 prazo de vig\u00eancia de at\u00e9 12 (doze) meses, a contar da data da sua assinatura ou at\u00e9 que se concretize novo processo de sele\u00e7\u00e3o p\u00fablica.<\/p>\n\n\n\n<p>O prazo para a entrega da documenta\u00e7\u00e3o \u00e9 at\u00e9 19 de janeiro, \u00e0s 17h30min. O Processo de Chamamento P\u00fablico se dar\u00e1 pela abertura dos envelopes pela Comiss\u00e3o Julgadora no dia 20 de janeiro, \u00e0s 9h.<\/p>\n\n\n\n<p>O edital completo poder\u00e1 ser obtido no site www.santarosa.rs.gov.br.<\/p>\n\n\n\n<p>Outras informa\u00e7\u00f5es poder\u00e3o ser obtidas pelo telefone (55) 3511-5111, junto \u00e0 Secretaria Municipal de Agricultura.<\/p>\n","protected":false},"excerpt":{"rendered":"<p>A Prefeitura de Santa Rosa, por meio da Secretaria de Agricultura, informa \u00e0 popula\u00e7\u00e3o que est\u00e1 aberto o Edital de<\/p>\n","protected":false},"author":12,"featured_media":15895,"comment_status":"closed","ping_status":"closed","sticky":false,"template":"","format":"standard","meta":{"footnotes":""},"categories":[4,14],"tags":[],"class_list":["post-15893","post","type-post","status-publish","format-standard","has-post-thumbnail","hentry","category-noticias","category-secretaria-municipal-de-agricultura"],"aioseo_notices":[],"_links":{"self":[{"href":"https:\/\/prefeitura.santarosa.rs.gov.br\/index.php?rest_route=\/wp\/v2\/posts\/15893","targetHints":{"allow":["GET"]}}],"collection":[{"href":"https:\/\/prefeitura.santarosa.rs.gov.br\/index.php?rest_route=\/wp\/v2\/posts"}],"about":[{"href":"https:\/\/prefeitura.santarosa.rs.gov.br\/index.php?rest_route=\/wp\/v2\/types\/post"}],"author":[{"embeddable":true,"href":"https:\/\/prefeitura.santarosa.rs.gov.br\/index.php?rest_route=\/wp\/v2\/users\/12"}],"replies":[{"embeddable":true,"href":"https:\/\/prefeitura.santarosa.rs.gov.br\/index.php?rest_route=%2Fwp%2Fv2%2Fcomments&post=15893"}],"version-history":[{"count":1,"href":"https:\/\/prefeitura.santarosa.rs.gov.br\/index.php?rest_route=\/wp\/v2\/posts\/15893\/revisions"}],"predecessor-version":[{"id":15896,"href":"https:\/\/prefeitura.santarosa.rs.gov.br\/index.php?rest_route=\/wp\/v2\/posts\/15893\/revisions\/15896"}],"wp:featuredmedia":[{"embeddable":true,"href":"https:\/\/prefeitura.santarosa.rs.gov.br\/index.php?rest_route=\/wp\/v2\/media\/15895"}],"wp:attachment":[{"href":"https:\/\/prefeitura.santarosa.rs.gov.br\/index.php?rest_route=%2Fwp%2Fv2%2Fmedia&parent=15893"}],"wp:term":[{"taxonomy":"category","embeddable":true,"href":"https:\/\/prefeitura.santarosa.rs.gov.br\/index.php?rest_route=%2Fwp%2Fv2%2Fcategories&post=15893"},{"taxonomy":"post_tag","embeddable":true,"href":"https:\/\/prefeitura.santarosa.rs.gov.br\/index.php?rest_route=%2Fwp%2Fv2%2Ftags&post=15893"}],"curies":[{"name":"wp","href":"https:\/\/api.w.org\/{rel}","templated":true}]}}