{"id":1589,"date":"2021-05-05T15:40:00","date_gmt":"2021-05-05T18:40:00","guid":{"rendered":"https:\/\/prefeitura.santarosa.rs.gov.br\/?p=1589"},"modified":"2024-10-07T09:55:14","modified_gmt":"2024-10-07T12:55:14","slug":"fundacao-desenvolve-programa-melhor-em-casa","status":"publish","type":"post","link":"https:\/\/prefeitura.santarosa.rs.gov.br\/?p=1589","title":{"rendered":"Funda\u00e7\u00e3o desenvolve Programa Melhor em Casa"},"content":{"rendered":"\n<p>Desde 2014, muitos atendimentos foram realizados.<\/p>\n\n\n\n<p>A FUMSSAR oferece atendimento domiciliar atrav\u00e9s do Programa Melhor em Casa. Pacientes que possuem problemas de sa\u00fade e dificuldade de locomo\u00e7\u00e3o at\u00e9 uma Unidade B\u00e1sica, recebem esse tratamento diferenciado. Desde 2014, muitos atendimentos foram realizados.<br><br>A indica\u00e7\u00e3o para o tratamento domiciliar pode ser do hospital, da Unidade B\u00e1sica de Sa\u00fade (UBS) ou da Unidade de Pronto Atendimento (UPA). A presta\u00e7\u00e3o de assist\u00eancia \u00e0 sa\u00fade \u00e9 de responsabilidade da Equipe Multiprofissional de Aten\u00e7\u00e3o Domiciliar (EMAD). Participam desse programa: m\u00e9dicos, enfermeiros, t\u00e9cnicos de enfermagem e fisioterapeutas. Quando necess\u00e1rio, a Equipe Multiprofissional de Apoio (EMAP), composta por assistente social, fonoaudi\u00f3loga, nutricionista, odont\u00f3logo, psic\u00f3logo, farmac\u00eautico e terapeuta ocupacional tamb\u00e9m se envolvem no atendimento. Todo esse cuidado \u00e9 compartilhado com a fam\u00edlia e\/ou cuidador respons\u00e1vel.<br><br>O Presidente da FUMSSAR, D\u00e9lcio Stefan, comenta que o programa Melhor em Casa \u00e9 completo, \u201cPara muitos pacientes existe a necessidade do atendimento em casa, e o programa aqui em Santa Rosa, conta com uma equipe de excelentes profissionais que prestam um servi\u00e7o de qualidade para estas pessoas\u201d. Al\u00e9m do atendimento diferenciado, o objetivo \u00e9 fazer com que o paciente fique menos tempo internado, reduzindo o risco de infec\u00e7\u00e3o hospitalar, al\u00e9m de promover um contato mais pr\u00f3ximo com a fam\u00edlia. Para a Dra. Eol\u00e1 Mar Siqueira Dino, m\u00e9dica do Programa, \u201c\u00c9 muito gratificante trabalhar neste projeto, a gente chega dentro do \u00e2mbito familiar e percebe nos olhos do paciente a gratid\u00e3o que eles sentem em ter um m\u00e9dico, uma equipe vindo at\u00e9 o lar deles para prestar atendimento\u201d.<br><br>A partir de mar\u00e7o do ano passado, com a pandemia, as equipes foram ampliadas. Com isso, o servi\u00e7o passou a ser realizado tamb\u00e9m em casos p\u00f3s-covid. Diariamente s\u00e3o realizados atendimentos para cerca de 60 pacientes. Al\u00e9m do atendimento, os profissionais orientam os familiares quanto ao tratamento aos usu\u00e1rios.<\/p>\n","protected":false},"excerpt":{"rendered":"<p>Desde 2014, muitos atendimentos foram realizados. A FUMSSAR oferece atendimento domiciliar atrav\u00e9s do Programa Melhor em Casa. Pacientes que possuem<\/p>\n","protected":false},"author":3,"featured_media":1590,"comment_status":"open","ping_status":"open","sticky":false,"template":"","format":"standard","meta":{"footnotes":""},"categories":[4,8],"tags":[],"class_list":["post-1589","post","type-post","status-publish","format-standard","has-post-thumbnail","hentry","category-noticias","category-noticias-fumssar"],"aioseo_notices":[],"_links":{"self":[{"href":"https:\/\/prefeitura.santarosa.rs.gov.br\/index.php?rest_route=\/wp\/v2\/posts\/1589","targetHints":{"allow":["GET"]}}],"collection":[{"href":"https:\/\/prefeitura.santarosa.rs.gov.br\/index.php?rest_route=\/wp\/v2\/posts"}],"about":[{"href":"https:\/\/prefeitura.santarosa.rs.gov.br\/index.php?rest_route=\/wp\/v2\/types\/post"}],"author":[{"embeddable":true,"href":"https:\/\/prefeitura.santarosa.rs.gov.br\/index.php?rest_route=\/wp\/v2\/users\/3"}],"replies":[{"embeddable":true,"href":"https:\/\/prefeitura.santarosa.rs.gov.br\/index.php?rest_route=%2Fwp%2Fv2%2Fcomments&post=1589"}],"version-history":[{"count":1,"href":"https:\/\/prefeitura.santarosa.rs.gov.br\/index.php?rest_route=\/wp\/v2\/posts\/1589\/revisions"}],"predecessor-version":[{"id":1591,"href":"https:\/\/prefeitura.santarosa.rs.gov.br\/index.php?rest_route=\/wp\/v2\/posts\/1589\/revisions\/1591"}],"wp:featuredmedia":[{"embeddable":true,"href":"https:\/\/prefeitura.santarosa.rs.gov.br\/index.php?rest_route=\/wp\/v2\/media\/1590"}],"wp:attachment":[{"href":"https:\/\/prefeitura.santarosa.rs.gov.br\/index.php?rest_route=%2Fwp%2Fv2%2Fmedia&parent=1589"}],"wp:term":[{"taxonomy":"category","embeddable":true,"href":"https:\/\/prefeitura.santarosa.rs.gov.br\/index.php?rest_route=%2Fwp%2Fv2%2Fcategories&post=1589"},{"taxonomy":"post_tag","embeddable":true,"href":"https:\/\/prefeitura.santarosa.rs.gov.br\/index.php?rest_route=%2Fwp%2Fv2%2Ftags&post=1589"}],"curies":[{"name":"wp","href":"https:\/\/api.w.org\/{rel}","templated":true}]}}