{"id":15888,"date":"2026-01-12T14:34:40","date_gmt":"2026-01-12T17:34:40","guid":{"rendered":"https:\/\/prefeitura.santarosa.rs.gov.br\/?p=15888"},"modified":"2026-01-20T16:44:13","modified_gmt":"2026-01-20T19:44:13","slug":"ano-de-2025-registra-recorde-de-eventos-em-santa-rosa","status":"publish","type":"post","link":"https:\/\/prefeitura.santarosa.rs.gov.br\/?p=15888","title":{"rendered":"Ano de 2025 registra recorde de eventos em Santa Rosa"},"content":{"rendered":"\n<figure class=\"wp-block-image size-large\"><img fetchpriority=\"high\" decoding=\"async\" width=\"1024\" height=\"576\" src=\"https:\/\/prefeitura.santarosa.rs.gov.br\/wp-content\/uploads\/2026\/01\/WhatsApp-Image-2026-01-07-at-09.52.56-1-1024x576.jpeg\" alt=\"\" class=\"wp-image-15889\" srcset=\"https:\/\/prefeitura.santarosa.rs.gov.br\/wp-content\/uploads\/2026\/01\/WhatsApp-Image-2026-01-07-at-09.52.56-1-1024x576.jpeg 1024w, https:\/\/prefeitura.santarosa.rs.gov.br\/wp-content\/uploads\/2026\/01\/WhatsApp-Image-2026-01-07-at-09.52.56-1-300x169.jpeg 300w, https:\/\/prefeitura.santarosa.rs.gov.br\/wp-content\/uploads\/2026\/01\/WhatsApp-Image-2026-01-07-at-09.52.56-1-768x432.jpeg 768w, https:\/\/prefeitura.santarosa.rs.gov.br\/wp-content\/uploads\/2026\/01\/WhatsApp-Image-2026-01-07-at-09.52.56-1-1536x864.jpeg 1536w, https:\/\/prefeitura.santarosa.rs.gov.br\/wp-content\/uploads\/2026\/01\/WhatsApp-Image-2026-01-07-at-09.52.56-1-2048x1152.jpeg 2048w\" sizes=\"(max-width: 1024px) 100vw, 1024px\" \/><\/figure>\n\n\n\n<p>O ano de 2025 foi marcado por uma intensa agenda de eventos em Santa Rosa. Eventos coordenados pela Prefeitura, com o apoio, ou independentes marcaram o ano que passou com crescimento nas \u00e1reas de turismo, cultura, religi\u00e3o, neg\u00f3cios, esporte e lazer. A cidade manteve uma agenda cont\u00ednua de atividades, com alguns meses registrando mais de 100 a\u00e7\u00f5es.<\/p>\n\n\n\n<p>Os espa\u00e7os p\u00fablicos foram amplamente utilizados durante todo o ano. O Parque de Exposi\u00e7\u00f5es Alfredo Leandro Carlson apresentou alta taxa de ocupa\u00e7\u00e3o, sediando eventos de car\u00e1ter local, regional e estadual. J\u00e1 o Centro C\u00edvico Cultural Ant\u00f4nio Carlos Borges teve uso frequente, recebendo programa\u00e7\u00f5es institucionais, culturais, t\u00e9cnicas e comunit\u00e1rias, al\u00e9m de eventos de grande circula\u00e7\u00e3o de p\u00fablico. Os espa\u00e7os p\u00fablicos registraram elevado \u00edndice de utiliza\u00e7\u00e3o ao longo de 2025, com taxa de ocupa\u00e7\u00e3o estimada entre 70% e 80% da capacidade operacional anual.<\/p>\n\n\n\n<p>O secret\u00e1rio de Desenvolvimento Econ\u00f4mico, Turismo e Tecnologia, Odaylson Eder, destacou que os resultados alcan\u00e7ados refletem uma atua\u00e7\u00e3o coordenada da administra\u00e7\u00e3o, \u201cOs eventos deixaram de ser a\u00e7\u00f5es isoladas e passaram a integrar uma pol\u00edtica p\u00fablica estruturada, constru\u00edda de forma conjunta entre as secretarias. Esse trabalho integrado fortalece a economia local, amplia o turismo, valoriza a cultura e gera benef\u00edcios diretos para a comunidade, consolidando Santa Rosa como refer\u00eancia regional na realiza\u00e7\u00e3o de eventos.\u201d Essas atividades movimentam a economia. A agenda intensa contribuiu para o fortalecimento do com\u00e9rcio, da gastronomia, da rede hoteleira, do transporte e da presta\u00e7\u00e3o de servi\u00e7os.<\/p>\n","protected":false},"excerpt":{"rendered":"<p>O ano de 2025 foi marcado por uma intensa agenda de eventos em Santa Rosa. Eventos coordenados pela Prefeitura, com<\/p>\n","protected":false},"author":12,"featured_media":15890,"comment_status":"closed","ping_status":"closed","sticky":false,"template":"","format":"standard","meta":{"footnotes":""},"categories":[4,16],"tags":[],"class_list":["post-15888","post","type-post","status-publish","format-standard","has-post-thumbnail","hentry","category-noticias","category-secretaria-municipal-de-desenvolvimento-economico-turismo-e-tecnologia"],"aioseo_notices":[],"_links":{"self":[{"href":"https:\/\/prefeitura.santarosa.rs.gov.br\/index.php?rest_route=\/wp\/v2\/posts\/15888","targetHints":{"allow":["GET"]}}],"collection":[{"href":"https:\/\/prefeitura.santarosa.rs.gov.br\/index.php?rest_route=\/wp\/v2\/posts"}],"about":[{"href":"https:\/\/prefeitura.santarosa.rs.gov.br\/index.php?rest_route=\/wp\/v2\/types\/post"}],"author":[{"embeddable":true,"href":"https:\/\/prefeitura.santarosa.rs.gov.br\/index.php?rest_route=\/wp\/v2\/users\/12"}],"replies":[{"embeddable":true,"href":"https:\/\/prefeitura.santarosa.rs.gov.br\/index.php?rest_route=%2Fwp%2Fv2%2Fcomments&post=15888"}],"version-history":[{"count":1,"href":"https:\/\/prefeitura.santarosa.rs.gov.br\/index.php?rest_route=\/wp\/v2\/posts\/15888\/revisions"}],"predecessor-version":[{"id":15891,"href":"https:\/\/prefeitura.santarosa.rs.gov.br\/index.php?rest_route=\/wp\/v2\/posts\/15888\/revisions\/15891"}],"wp:featuredmedia":[{"embeddable":true,"href":"https:\/\/prefeitura.santarosa.rs.gov.br\/index.php?rest_route=\/wp\/v2\/media\/15890"}],"wp:attachment":[{"href":"https:\/\/prefeitura.santarosa.rs.gov.br\/index.php?rest_route=%2Fwp%2Fv2%2Fmedia&parent=15888"}],"wp:term":[{"taxonomy":"category","embeddable":true,"href":"https:\/\/prefeitura.santarosa.rs.gov.br\/index.php?rest_route=%2Fwp%2Fv2%2Fcategories&post=15888"},{"taxonomy":"post_tag","embeddable":true,"href":"https:\/\/prefeitura.santarosa.rs.gov.br\/index.php?rest_route=%2Fwp%2Fv2%2Ftags&post=15888"}],"curies":[{"name":"wp","href":"https:\/\/api.w.org\/{rel}","templated":true}]}}