{"id":15879,"date":"2026-01-08T15:14:10","date_gmt":"2026-01-08T18:14:10","guid":{"rendered":"https:\/\/prefeitura.santarosa.rs.gov.br\/?p=15879"},"modified":"2026-01-08T15:14:11","modified_gmt":"2026-01-08T18:14:11","slug":"nota-fiscal-eletronica-nf-e-produtor-rural","status":"publish","type":"post","link":"https:\/\/prefeitura.santarosa.rs.gov.br\/?p=15879","title":{"rendered":"Nota Fiscal eletr\u00f4nica \u2013 NF-e produtor rural"},"content":{"rendered":"\n<figure class=\"wp-block-image size-large\"><img fetchpriority=\"high\" decoding=\"async\" width=\"1024\" height=\"461\" src=\"https:\/\/prefeitura.santarosa.rs.gov.br\/wp-content\/uploads\/2026\/01\/WhatsApp-Image-2026-01-08-at-15.05.05-1024x461.jpeg\" alt=\"\" class=\"wp-image-15880\" srcset=\"https:\/\/prefeitura.santarosa.rs.gov.br\/wp-content\/uploads\/2026\/01\/WhatsApp-Image-2026-01-08-at-15.05.05-1024x461.jpeg 1024w, https:\/\/prefeitura.santarosa.rs.gov.br\/wp-content\/uploads\/2026\/01\/WhatsApp-Image-2026-01-08-at-15.05.05-300x135.jpeg 300w, https:\/\/prefeitura.santarosa.rs.gov.br\/wp-content\/uploads\/2026\/01\/WhatsApp-Image-2026-01-08-at-15.05.05-768x346.jpeg 768w, https:\/\/prefeitura.santarosa.rs.gov.br\/wp-content\/uploads\/2026\/01\/WhatsApp-Image-2026-01-08-at-15.05.05-1536x691.jpeg 1536w, https:\/\/prefeitura.santarosa.rs.gov.br\/wp-content\/uploads\/2026\/01\/WhatsApp-Image-2026-01-08-at-15.05.05.jpeg 1600w\" sizes=\"(max-width: 1024px) 100vw, 1024px\" \/><\/figure>\n\n\n\n<p>Os produtores rurais est\u00e3o autorizados a usar as notas fiscais dos tal\u00f5es que t\u00eam em uso ou em estoque na prefeitura.<\/p>\n\n\n\n<p>Os produtores que possuem tal\u00f5es em estoque na prefeitura poder\u00e3o retir\u00e1-los ap\u00f3s a devolu\u00e7\u00e3o dos tal\u00f5es em uso, que est\u00e3o de posse do produtor.<\/p>\n\n\n\n<p>A partir de&nbsp;01\/05\/2026, todos os produtores dever\u00e3o emitir NF-e, mesmo que estejam de posse de talon\u00e1rio com NFP n\u00e3o emitida.<\/p>\n\n\n\n<p>As Inscri\u00e7\u00f5es Estadual j\u00e1 obrigadas desde&nbsp;01\/07\/2025&nbsp;a emitir NF-e e opera\u00e7\u00f5es para fora do estado permanecem obrigadas a usar Nota Fiscal Eletr\u00f4nica.<\/p>\n\n\n\n<p>N\u00e3o&nbsp;ter\u00e1 como solicitar novos tal\u00f5es al\u00e9m dos que est\u00e3o em estoque na prefeitura.<\/p>\n\n\n\n<p>Para a emiss\u00e3o da Nota Fiscal Eletr\u00f4nica, a SEFAZ RS disponibiliza o APLICATIVO Nota Fiscal F\u00e1cil.<\/p>\n\n\n\n<p>Tamb\u00e9m est\u00e1 aberto o per\u00edodo para vistoria dos tal\u00f5es. O prazo vai at\u00e9 o dia&nbsp;31 de mar\u00e7o de 2026. Para realizar a vistoria, os produtores rurais devem ir at\u00e9 o Setor de Blocos, localizado junto \u00e0 Secretaria Municipal de Agricultura, na Rua Castelo Branco, n\u00ba 784, no bairro S\u00e3o Francisco.<\/p>\n\n\n\n<p>Destaca que o objetivo \u00e9 antecipar a coleta de dados das opera\u00e7\u00f5es fiscais a fim de contribuir para a forma\u00e7\u00e3o do \u00cdndice de Participa\u00e7\u00e3o dos Munic\u00edpios no ICMS, no qual as receitas tribut\u00e1rias s\u00e3o repartidas aos munic\u00edpios conforme a contribui\u00e7\u00e3o na forma\u00e7\u00e3o do montante do imposto estadual.<\/p>\n\n\n\n<p>D\u00favidas com o Agente Municipal, na Secretaria Municipal de Agricultura ou pelo telefone&nbsp;<a href=\"callto:55 3511 5111\">55 3511 5111<\/a>.<\/p>\n","protected":false},"excerpt":{"rendered":"<p>Os produtores rurais est\u00e3o autorizados a usar as notas fiscais dos tal\u00f5es que t\u00eam em uso ou em estoque na<\/p>\n","protected":false},"author":12,"featured_media":15881,"comment_status":"closed","ping_status":"closed","sticky":false,"template":"","format":"standard","meta":{"footnotes":""},"categories":[4,14],"tags":[],"class_list":["post-15879","post","type-post","status-publish","format-standard","has-post-thumbnail","hentry","category-noticias","category-secretaria-municipal-de-agricultura"],"aioseo_notices":[],"_links":{"self":[{"href":"https:\/\/prefeitura.santarosa.rs.gov.br\/index.php?rest_route=\/wp\/v2\/posts\/15879","targetHints":{"allow":["GET"]}}],"collection":[{"href":"https:\/\/prefeitura.santarosa.rs.gov.br\/index.php?rest_route=\/wp\/v2\/posts"}],"about":[{"href":"https:\/\/prefeitura.santarosa.rs.gov.br\/index.php?rest_route=\/wp\/v2\/types\/post"}],"author":[{"embeddable":true,"href":"https:\/\/prefeitura.santarosa.rs.gov.br\/index.php?rest_route=\/wp\/v2\/users\/12"}],"replies":[{"embeddable":true,"href":"https:\/\/prefeitura.santarosa.rs.gov.br\/index.php?rest_route=%2Fwp%2Fv2%2Fcomments&post=15879"}],"version-history":[{"count":1,"href":"https:\/\/prefeitura.santarosa.rs.gov.br\/index.php?rest_route=\/wp\/v2\/posts\/15879\/revisions"}],"predecessor-version":[{"id":15882,"href":"https:\/\/prefeitura.santarosa.rs.gov.br\/index.php?rest_route=\/wp\/v2\/posts\/15879\/revisions\/15882"}],"wp:featuredmedia":[{"embeddable":true,"href":"https:\/\/prefeitura.santarosa.rs.gov.br\/index.php?rest_route=\/wp\/v2\/media\/15881"}],"wp:attachment":[{"href":"https:\/\/prefeitura.santarosa.rs.gov.br\/index.php?rest_route=%2Fwp%2Fv2%2Fmedia&parent=15879"}],"wp:term":[{"taxonomy":"category","embeddable":true,"href":"https:\/\/prefeitura.santarosa.rs.gov.br\/index.php?rest_route=%2Fwp%2Fv2%2Fcategories&post=15879"},{"taxonomy":"post_tag","embeddable":true,"href":"https:\/\/prefeitura.santarosa.rs.gov.br\/index.php?rest_route=%2Fwp%2Fv2%2Ftags&post=15879"}],"curies":[{"name":"wp","href":"https:\/\/api.w.org\/{rel}","templated":true}]}}