{"id":15875,"date":"2026-01-07T13:53:24","date_gmt":"2026-01-07T16:53:24","guid":{"rendered":"https:\/\/prefeitura.santarosa.rs.gov.br\/?p=15875"},"modified":"2026-01-07T13:53:26","modified_gmt":"2026-01-07T16:53:26","slug":"obras-de-calcamento-no-interior","status":"publish","type":"post","link":"https:\/\/prefeitura.santarosa.rs.gov.br\/?p=15875","title":{"rendered":"Obras de cal\u00e7amento no interior"},"content":{"rendered":"\n<figure class=\"wp-block-image size-large\"><img fetchpriority=\"high\" decoding=\"async\" width=\"1024\" height=\"768\" src=\"https:\/\/prefeitura.santarosa.rs.gov.br\/wp-content\/uploads\/2026\/01\/WhatsApp-Image-2026-01-07-at-09.51.40-1024x768.jpeg\" alt=\"\" class=\"wp-image-15876\" srcset=\"https:\/\/prefeitura.santarosa.rs.gov.br\/wp-content\/uploads\/2026\/01\/WhatsApp-Image-2026-01-07-at-09.51.40-1024x768.jpeg 1024w, https:\/\/prefeitura.santarosa.rs.gov.br\/wp-content\/uploads\/2026\/01\/WhatsApp-Image-2026-01-07-at-09.51.40-300x225.jpeg 300w, https:\/\/prefeitura.santarosa.rs.gov.br\/wp-content\/uploads\/2026\/01\/WhatsApp-Image-2026-01-07-at-09.51.40-768x576.jpeg 768w, https:\/\/prefeitura.santarosa.rs.gov.br\/wp-content\/uploads\/2026\/01\/WhatsApp-Image-2026-01-07-at-09.51.40.jpeg 1280w\" sizes=\"(max-width: 1024px) 100vw, 1024px\" \/><\/figure>\n\n\n\n<p>As melhorias nas estradas do interior fazem parte do compromisso da administra\u00e7\u00e3o municipal com a mobilidade e o desenvolvimento das comunidades rurais. Atualmente tr\u00eas obras de cal\u00e7amento est\u00e3o sendo realizadas: no Lajeado Capim, na Federa\u00e7\u00e3o\/ Pedro Toledo e Candeia Baixa.&nbsp; Somados, os 3 trechos, correspondem a mais de 2,8 km de cal\u00e7amento, representando um investimento de mais de R$ 2,5 milh\u00f5es.&nbsp;<\/p>\n\n\n\n<p>Uma demanda hist\u00f3rica do Lajeado Capim era o cal\u00e7amento. Agora, o sonho est\u00e1 se tornando realidade. A obra que vai facilitar o escoamento da safra, contempla 1.200 metros lineares. O investimento \u00e9 de mais de R$1,2 milh\u00e3o. A obra est\u00e1 70% conclu\u00edda. Na Linha Federa\u00e7\u00e3o e a Linha Pedro Toledo, a pavimenta\u00e7\u00e3o com pedras irregulares ultrapassa o investimento de R$ 600 mil com \u00e1rea de 1.449,00 m\u00b2. J\u00e1 em Candeia Baixa o investimento \u00e9 de R$ 1,3 milh\u00e3o com extens\u00e3o de 1,3km. Os servi\u00e7os j\u00e1 atingiram 50% de execu\u00e7\u00e3o, com a conclus\u00e3o de mais de 650 metros lineares, totalizando 4.664 m\u00b2 de pavimento.&nbsp;<\/p>\n\n\n\n<p>O vice-prefeito Aldemir Ulrich que esteve visitando as obras destaca que os investimentos e avan\u00e7os no interior n\u00e3o param e s\u00e3o uma das principais prioridades para 2026, \u201cTivemos um ano de 2025 de significativos avan\u00e7os com amplia\u00e7\u00e3o das linhas de trabalho no interior, trocas de pontes por galerias de concreto, servi\u00e7o de patrolamento e cascalhamento, al\u00e9m das obras com rompedor para melhorar as estradas que t\u00eam problemas hist\u00f3ricos com grandes pedras. Obras de asfalto e cal\u00e7amento tamb\u00e9m foram realizadas para melhorar a qualidade de vida de quem trabalha e vive no campo\u201d. Em 2025 foram executados 4.222 metros lineares de pavimenta\u00e7\u00e3o no interior com investimento de R$ 5.237.042,04. Nos pr\u00f3ximos dias, deve come\u00e7ar a obra de cal\u00e7amento no Campo da Avia\u00e7\u00e3o com investimento de mais de R$ 2 milh\u00f5es.<\/p>\n","protected":false},"excerpt":{"rendered":"<p>As melhorias nas estradas do interior fazem parte do compromisso da administra\u00e7\u00e3o municipal com a mobilidade e o desenvolvimento das<\/p>\n","protected":false},"author":12,"featured_media":15877,"comment_status":"closed","ping_status":"closed","sticky":false,"template":"","format":"standard","meta":{"footnotes":""},"categories":[4,22],"tags":[],"class_list":["post-15875","post","type-post","status-publish","format-standard","has-post-thumbnail","hentry","category-noticias","category-secretaria-municipal-de-planejamento-e-habitacao"],"aioseo_notices":[],"_links":{"self":[{"href":"https:\/\/prefeitura.santarosa.rs.gov.br\/index.php?rest_route=\/wp\/v2\/posts\/15875","targetHints":{"allow":["GET"]}}],"collection":[{"href":"https:\/\/prefeitura.santarosa.rs.gov.br\/index.php?rest_route=\/wp\/v2\/posts"}],"about":[{"href":"https:\/\/prefeitura.santarosa.rs.gov.br\/index.php?rest_route=\/wp\/v2\/types\/post"}],"author":[{"embeddable":true,"href":"https:\/\/prefeitura.santarosa.rs.gov.br\/index.php?rest_route=\/wp\/v2\/users\/12"}],"replies":[{"embeddable":true,"href":"https:\/\/prefeitura.santarosa.rs.gov.br\/index.php?rest_route=%2Fwp%2Fv2%2Fcomments&post=15875"}],"version-history":[{"count":1,"href":"https:\/\/prefeitura.santarosa.rs.gov.br\/index.php?rest_route=\/wp\/v2\/posts\/15875\/revisions"}],"predecessor-version":[{"id":15878,"href":"https:\/\/prefeitura.santarosa.rs.gov.br\/index.php?rest_route=\/wp\/v2\/posts\/15875\/revisions\/15878"}],"wp:featuredmedia":[{"embeddable":true,"href":"https:\/\/prefeitura.santarosa.rs.gov.br\/index.php?rest_route=\/wp\/v2\/media\/15877"}],"wp:attachment":[{"href":"https:\/\/prefeitura.santarosa.rs.gov.br\/index.php?rest_route=%2Fwp%2Fv2%2Fmedia&parent=15875"}],"wp:term":[{"taxonomy":"category","embeddable":true,"href":"https:\/\/prefeitura.santarosa.rs.gov.br\/index.php?rest_route=%2Fwp%2Fv2%2Fcategories&post=15875"},{"taxonomy":"post_tag","embeddable":true,"href":"https:\/\/prefeitura.santarosa.rs.gov.br\/index.php?rest_route=%2Fwp%2Fv2%2Ftags&post=15875"}],"curies":[{"name":"wp","href":"https:\/\/api.w.org\/{rel}","templated":true}]}}