{"id":15869,"date":"2026-01-06T14:05:52","date_gmt":"2026-01-06T17:05:52","guid":{"rendered":"https:\/\/prefeitura.santarosa.rs.gov.br\/?p=15869"},"modified":"2026-01-06T14:05:54","modified_gmt":"2026-01-06T17:05:54","slug":"2025-encerra-com-chave-de-ouro","status":"publish","type":"post","link":"https:\/\/prefeitura.santarosa.rs.gov.br\/?p=15869","title":{"rendered":"2025 encerra com \u201cchave de ouro\u201d"},"content":{"rendered":"\n<figure class=\"wp-block-image size-large\"><img fetchpriority=\"high\" decoding=\"async\" width=\"1024\" height=\"768\" src=\"https:\/\/prefeitura.santarosa.rs.gov.br\/wp-content\/uploads\/2026\/01\/WhatsApp-Image-2026-01-06-at-13.51.06-1024x768.jpeg\" alt=\"\" class=\"wp-image-15870\" srcset=\"https:\/\/prefeitura.santarosa.rs.gov.br\/wp-content\/uploads\/2026\/01\/WhatsApp-Image-2026-01-06-at-13.51.06-1024x768.jpeg 1024w, https:\/\/prefeitura.santarosa.rs.gov.br\/wp-content\/uploads\/2026\/01\/WhatsApp-Image-2026-01-06-at-13.51.06-300x225.jpeg 300w, https:\/\/prefeitura.santarosa.rs.gov.br\/wp-content\/uploads\/2026\/01\/WhatsApp-Image-2026-01-06-at-13.51.06-768x576.jpeg 768w, https:\/\/prefeitura.santarosa.rs.gov.br\/wp-content\/uploads\/2026\/01\/WhatsApp-Image-2026-01-06-at-13.51.06.jpeg 1280w\" sizes=\"(max-width: 1024px) 100vw, 1024px\" \/><\/figure>\n\n\n\n<p>Santa Rosa come\u00e7ou o ano de 2026 com \u201co p\u00e9 direito\u201d. E n\u00e3o foi por sorte, foi por empenho e dedica\u00e7\u00e3o de toda a comunidade que juntamente com o Poder Executivo, o Poder Legislativo, empres\u00e1rios, trabalhadores e volunt\u00e1rios fizeram a diferen\u00e7a. O ano de 2026 j\u00e1 come\u00e7ou com muitas novidades em Santa Rosa, mas todas s\u00e3o sequ\u00eancia de um trabalho que vem sendo constru\u00eddo ao longo dos \u00faltimos anos.&nbsp;<\/p>\n\n\n\n<p>O ano de 2025 foi um grande divisor de \u00e1guas nos 94 anos da cidade. O in\u00edcio da obra do Aeroporto, maior obra da hist\u00f3ria da cidade, come\u00e7ou e n\u00e3o parou mais. Atualmente 40% da obra est\u00e1 finalizada, com investimento total que deve ultrapassar R$ 65 milh\u00f5es. Essa obra deve ser o grande marco desse novo ano, pois tem previs\u00e3o de ser finalizada, at\u00e9 o meio do ano. No segundo semestre, ser\u00e3o realizados os tr\u00e2mites legais para que at\u00e9 o fim do ano, o Novo Aeroporto de Santa Rosa, possa estar em pleno funcionamento, \u201cO aeroporto ser\u00e1 um marco para o nosso desenvolvimento, pois vai ser poss\u00edvel termos saltos ainda maiores. Ser\u00e1 uma Santa Rosa antes, e outra depois\u201d, comenta o Prefeito Anderson Mantei.&nbsp;<\/p>\n\n\n\n<p>O Plano de Mobilidade mudou a \u201ccara\u201d da cidade e fez com que todos se adaptassem a um novo momento. A implanta\u00e7\u00e3o come\u00e7ou em 2025 e ser\u00e1 finalizada neste ano, com mais modifica\u00e7\u00f5es no tr\u00e2nsito que visam a melhoria da infraestrutura e a seguran\u00e7a. Al\u00e9m dessas mudan\u00e7as diversas ruas receberam asfalto, o que possibilitou uma significativa melhora em todos os bairros e vilas de Santa Rosa. S\u00e3o mais de 140 obras de pavimenta\u00e7\u00e3o em execu\u00e7\u00e3o ou conclu\u00eddas em 2025, o que movimentou mais de R$ 169 milh\u00f5es (incluindo o aeroporto). Al\u00e9m disso, a Prefeitura ainda contou com servi\u00e7o de recupera\u00e7\u00e3o das estradas e vias, utilizando 850 toneladas de massa asf\u00e1ltica.&nbsp;<\/p>\n\n\n\n<p>Mas as a\u00e7\u00f5es n\u00e3o foram apenas na cidade, as melhorias no interior tamb\u00e9m foram prioridade. O Vice-Prefeito Aldemir Ulrich, que acompanha de perto esses trabalhos, destaca que os avan\u00e7os nas comunidades do meio rural, \u201cN\u00f3s conseguimos implementar muitos avan\u00e7os em 2025 com novas m\u00e1quinas e novos servi\u00e7os, mas acima de tudo, estamos focados em resolver problemas hist\u00f3ricos. Estamos trabalhando em v\u00e1rias frentes e tenho certeza que em 2026 vamos avan\u00e7ar ainda mais no interior\u201d.&nbsp; S\u00f3 nesse ano que acaba de encerrar, mais de 680 km receberam patrolamento e cascalhamento, 23 pontes de madeira tiveram manuten\u00e7\u00e3o, e algumas come\u00e7aram a ser substitu\u00eddas por galerias de concreto. Falando em problema hist\u00f3rico, a manuten\u00e7\u00e3o dos cemit\u00e9rios tamb\u00e9m foi solucionada no ano que passou com trabalho terceirizado.&nbsp;&nbsp;<\/p>\n\n\n\n<p>Outro destaque de 2025, foi que Santa Rosa ficou entre as cidades mais digitais do Rio Grande do Sul. Nesse processo de moderniza\u00e7\u00e3o da gest\u00e3o p\u00fablica mais de 330 servi\u00e7os digitais foram implementados, al\u00e9m de novos processos que tamb\u00e9m passaram a contar com Intelig\u00eancia Artificial. Esse destaque, assim como a implanta\u00e7\u00e3o do Tecnopuc &#8211; Agro hub Semear, colocou Santa Rosa em um outro patamar de investimento em tecnologia e pesquisa. O prop\u00f3sito desse projeto que teve in\u00edcio com Deputado Federal Osmar Terra, saiu do papel para promover o desenvolvimento sustent\u00e1vel do Noroeste, atrav\u00e9s da inova\u00e7\u00e3o, educa\u00e7\u00e3o e colabora\u00e7\u00e3o no agroneg\u00f3cio. Esses destaques levaram o Prefeito Anderson Mantei a ser convidado pelo Governo do Estado para participar de uma Miss\u00e3o Internacional na Finl\u00e2ndia e Est\u00f4nia, ocorrida no ano de 2025.<\/p>\n\n\n\n<p>Se a moderniza\u00e7\u00e3o da gest\u00e3o contou com significativos avan\u00e7os, a Educa\u00e7\u00e3o tamb\u00e9m fecha o ano de forma hist\u00f3rica. Foram inauguradas 02 novas escolas: S\u00e3o Francisco e Andressa Ferreira e tem mais 04 em andamento. A obra de uma nova escola no Montese come\u00e7ou e&nbsp;ter\u00e1 cerca de 01 mil vagas. Outras 03 tamb\u00e9m devem come\u00e7ar em 2026: Eduino Felhauer, Elias Scalco e Fiergs. Ap\u00f3s ajustes no projeto estrutural, o Novo Gin\u00e1sio Municipal come\u00e7ou a ganhar forma na Avenida Am\u00e9rica e deve ser finalizado este ano. O local ser\u00e1 palco de muitos jogos e atividades esportivas. S\u00f3 em 2025, os campeonatos envolveram mais de 14 mil atletas e as atividades de contraturno do munic\u00edpio envolveram 5 mil crian\u00e7as.&nbsp;<\/p>\n\n\n\n<p>Outros 02 Programas da Prefeitura tamb\u00e9m tiveram \u00eaxito em 2025: Santa Rosa Mais Verde e o Santa Rosa Mais Pet. Pensando em preparar a cidade para crescer ainda mais, em 2025, foram plantadas 5 mil mudas de \u00e1rvores na cidade. J\u00e1 o Programa Santa Rosa Mais Pet oportunizou amplia\u00e7\u00e3o de atendimentos para pequenos animais.&nbsp;<\/p>\n\n\n\n<p>Os avan\u00e7os seguiram na \u00e1rea da sa\u00fade que ampliou mais uma unidade com o atendimento no terceiro turno. A obra do CER II teve in\u00edcio em 2025, assim como o processo de acolhimento que passou a ser feito o dia todo nos postos. O Servi\u00e7o do Programa Sa\u00fade 60 + tamb\u00e9m foi implementado, oportunizando ainda mais qualidade de vida para os santa-rosenses. O processo para implanta\u00e7\u00e3o do Servi\u00e7o de Cardiologia tamb\u00e9m est\u00e1 em fase final e ser\u00e1 um dos destaques de 2026, \u201cTemos uma sa\u00fade que \u00e9 destaque no pa\u00eds e sabemos que podemos melhorar ainda mais, e \u00e9 isso que vamos fazer. Esse ano, vamos dar um importante passo com a Cardiologia que \u00e9 um sonho para nossa popula\u00e7\u00e3o que n\u00e3o vai mais precisar buscar atendimento em outras regi\u00f5es\u201d, destaca Mantei.&nbsp;<\/p>\n\n\n\n<p>A cidade est\u00e1 crescendo, empresas est\u00e3o se instalando aqui e melhorias em todas as \u00e1reas est\u00e3o sendo realizadas para preparar Santa Rosa para avan\u00e7ar ainda mais. E essas oportunidades, est\u00e3o atraindo muitas pessoas n\u00e3o s\u00f3 para investir, mas tamb\u00e9m para viver aqui. O Programa Santa Rosa Verde e Amarela j\u00e1 beneficiou 934 fam\u00edlias com investimento de cerca de R$ 17 milh\u00f5es para auxiliar a comunidade no sonho da casa pr\u00f3pria. Falando em sonho&#8230; O sonho do Aeroporto, o sonho do Gin\u00e1sio, o sonho da Cardiologia, o sonho do Tecnopuc e tantos outros j\u00e1 s\u00e3o uma realidade, em uma Santa Rosa que come\u00e7a 2026 com o p\u00e9 direito.<\/p>\n","protected":false},"excerpt":{"rendered":"<p>Santa Rosa come\u00e7ou o ano de 2026 com \u201co p\u00e9 direito\u201d. E n\u00e3o foi por sorte, foi por empenho e<\/p>\n","protected":false},"author":12,"featured_media":15871,"comment_status":"closed","ping_status":"closed","sticky":false,"template":"","format":"standard","meta":{"footnotes":""},"categories":[4,3],"tags":[],"class_list":["post-15869","post","type-post","status-publish","format-standard","has-post-thumbnail","hentry","category-noticias","category-gabinete-do-prefeito"],"aioseo_notices":[],"_links":{"self":[{"href":"https:\/\/prefeitura.santarosa.rs.gov.br\/index.php?rest_route=\/wp\/v2\/posts\/15869","targetHints":{"allow":["GET"]}}],"collection":[{"href":"https:\/\/prefeitura.santarosa.rs.gov.br\/index.php?rest_route=\/wp\/v2\/posts"}],"about":[{"href":"https:\/\/prefeitura.santarosa.rs.gov.br\/index.php?rest_route=\/wp\/v2\/types\/post"}],"author":[{"embeddable":true,"href":"https:\/\/prefeitura.santarosa.rs.gov.br\/index.php?rest_route=\/wp\/v2\/users\/12"}],"replies":[{"embeddable":true,"href":"https:\/\/prefeitura.santarosa.rs.gov.br\/index.php?rest_route=%2Fwp%2Fv2%2Fcomments&post=15869"}],"version-history":[{"count":1,"href":"https:\/\/prefeitura.santarosa.rs.gov.br\/index.php?rest_route=\/wp\/v2\/posts\/15869\/revisions"}],"predecessor-version":[{"id":15872,"href":"https:\/\/prefeitura.santarosa.rs.gov.br\/index.php?rest_route=\/wp\/v2\/posts\/15869\/revisions\/15872"}],"wp:featuredmedia":[{"embeddable":true,"href":"https:\/\/prefeitura.santarosa.rs.gov.br\/index.php?rest_route=\/wp\/v2\/media\/15871"}],"wp:attachment":[{"href":"https:\/\/prefeitura.santarosa.rs.gov.br\/index.php?rest_route=%2Fwp%2Fv2%2Fmedia&parent=15869"}],"wp:term":[{"taxonomy":"category","embeddable":true,"href":"https:\/\/prefeitura.santarosa.rs.gov.br\/index.php?rest_route=%2Fwp%2Fv2%2Fcategories&post=15869"},{"taxonomy":"post_tag","embeddable":true,"href":"https:\/\/prefeitura.santarosa.rs.gov.br\/index.php?rest_route=%2Fwp%2Fv2%2Ftags&post=15869"}],"curies":[{"name":"wp","href":"https:\/\/api.w.org\/{rel}","templated":true}]}}