{"id":15863,"date":"2026-01-05T16:35:31","date_gmt":"2026-01-05T19:35:31","guid":{"rendered":"https:\/\/prefeitura.santarosa.rs.gov.br\/?p=15863"},"modified":"2026-01-05T16:35:32","modified_gmt":"2026-01-05T19:35:32","slug":"em-andamento-obra-do-cer-ii","status":"publish","type":"post","link":"https:\/\/prefeitura.santarosa.rs.gov.br\/?p=15863","title":{"rendered":"Em andamento obra do CER II"},"content":{"rendered":"\n<figure class=\"wp-block-image size-large\"><img fetchpriority=\"high\" decoding=\"async\" width=\"1024\" height=\"768\" src=\"https:\/\/prefeitura.santarosa.rs.gov.br\/wp-content\/uploads\/2026\/01\/WhatsApp-Image-2026-01-05-at-16.29.45-1024x768.jpeg\" alt=\"\" class=\"wp-image-15864\" srcset=\"https:\/\/prefeitura.santarosa.rs.gov.br\/wp-content\/uploads\/2026\/01\/WhatsApp-Image-2026-01-05-at-16.29.45-1024x768.jpeg 1024w, https:\/\/prefeitura.santarosa.rs.gov.br\/wp-content\/uploads\/2026\/01\/WhatsApp-Image-2026-01-05-at-16.29.45-300x225.jpeg 300w, https:\/\/prefeitura.santarosa.rs.gov.br\/wp-content\/uploads\/2026\/01\/WhatsApp-Image-2026-01-05-at-16.29.45-768x576.jpeg 768w, https:\/\/prefeitura.santarosa.rs.gov.br\/wp-content\/uploads\/2026\/01\/WhatsApp-Image-2026-01-05-at-16.29.45-1536x1152.jpeg 1536w, https:\/\/prefeitura.santarosa.rs.gov.br\/wp-content\/uploads\/2026\/01\/WhatsApp-Image-2026-01-05-at-16.29.45.jpeg 1600w\" sizes=\"(max-width: 1024px) 100vw, 1024px\" \/><\/figure>\n\n\n\n<p>Cerca de 20% da obra do CER II foi executada. Terraplanagem, funda\u00e7\u00f5es e contrapiso est\u00e3o finalizados. Agora, a empresa trabalha na execu\u00e7\u00e3o das alvenarias. O novo pr\u00e9dio vai receber um investimento de mais de R$ 5 milh\u00f5es e&nbsp;ter\u00e1 uma \u00e1rea total de 1.430,89 m\u00b2.&nbsp;<\/p>\n\n\n\n<p>Um dos grandes diferenciais do novo espa\u00e7o est\u00e1 no atendimento ao p\u00fablico com Transtorno do Espectro Autista (TEA). As salas destinadas a esse grupo receber\u00e3o tratamento ac\u00fastico especial, e as \u00e1reas de atividade pr\u00e1tica e estimula\u00e7\u00e3o precoce contar\u00e3o com estruturas met\u00e1licas para atividades suspensas, trabalhadas pelos profissionais de fisioterapia e terapia ocupacional. Segundo o Prefeito Aldemir Ulrich, \u201cCom esse novo espa\u00e7o, vamos qualificar muito nosso atendimento, o que vai permitir um cuidado mais individualizado\u201d.&nbsp;&nbsp;<\/p>\n\n\n\n<p>A previs\u00e3o de conclus\u00e3o da obra \u00e9 setembro de 2026. A pr\u00f3xima etapa \u00e9 a conclus\u00e3o da superestrutura e laje, cobertura e instala\u00e7\u00f5es hidr\u00e1ulicas e el\u00e9tricas. O projeto prev\u00ea uma infraestrutura moderna, pensada para acolher e qualificar ainda mais os atendimentos. Ser\u00e3o 10 salas de consult\u00f3rio e 6 salas de terapias que permitir\u00e3o o desenvolvimento de atividades pr\u00e1ticas, a\u00e7\u00f5es em grupo e estimula\u00e7\u00e3o precoce. O pr\u00e9dio contar\u00e1 ainda com vesti\u00e1rios, sanit\u00e1rios com acessibilidade, frald\u00e1rios, dep\u00f3sito, almoxarifado, copa, sala de reuni\u00f5es, recep\u00e7\u00e3o, sala administrativa, sala de audiometria com tratamento ac\u00fastico completo e um audit\u00f3rio com capacidade para 36 pessoas. A obra \u00e9 na rua Germano Dockhorn, ao lado do CRAS de Cruzeiro.<\/p>\n\n\n\n<p><\/p>\n","protected":false},"excerpt":{"rendered":"<p>Cerca de 20% da obra do CER II foi executada. Terraplanagem, funda\u00e7\u00f5es e contrapiso est\u00e3o finalizados. Agora, a empresa trabalha<\/p>\n","protected":false},"author":12,"featured_media":15865,"comment_status":"closed","ping_status":"closed","sticky":false,"template":"","format":"standard","meta":{"footnotes":""},"categories":[4,22],"tags":[],"class_list":["post-15863","post","type-post","status-publish","format-standard","has-post-thumbnail","hentry","category-noticias","category-secretaria-municipal-de-planejamento-e-habitacao"],"aioseo_notices":[],"_links":{"self":[{"href":"https:\/\/prefeitura.santarosa.rs.gov.br\/index.php?rest_route=\/wp\/v2\/posts\/15863","targetHints":{"allow":["GET"]}}],"collection":[{"href":"https:\/\/prefeitura.santarosa.rs.gov.br\/index.php?rest_route=\/wp\/v2\/posts"}],"about":[{"href":"https:\/\/prefeitura.santarosa.rs.gov.br\/index.php?rest_route=\/wp\/v2\/types\/post"}],"author":[{"embeddable":true,"href":"https:\/\/prefeitura.santarosa.rs.gov.br\/index.php?rest_route=\/wp\/v2\/users\/12"}],"replies":[{"embeddable":true,"href":"https:\/\/prefeitura.santarosa.rs.gov.br\/index.php?rest_route=%2Fwp%2Fv2%2Fcomments&post=15863"}],"version-history":[{"count":1,"href":"https:\/\/prefeitura.santarosa.rs.gov.br\/index.php?rest_route=\/wp\/v2\/posts\/15863\/revisions"}],"predecessor-version":[{"id":15866,"href":"https:\/\/prefeitura.santarosa.rs.gov.br\/index.php?rest_route=\/wp\/v2\/posts\/15863\/revisions\/15866"}],"wp:featuredmedia":[{"embeddable":true,"href":"https:\/\/prefeitura.santarosa.rs.gov.br\/index.php?rest_route=\/wp\/v2\/media\/15865"}],"wp:attachment":[{"href":"https:\/\/prefeitura.santarosa.rs.gov.br\/index.php?rest_route=%2Fwp%2Fv2%2Fmedia&parent=15863"}],"wp:term":[{"taxonomy":"category","embeddable":true,"href":"https:\/\/prefeitura.santarosa.rs.gov.br\/index.php?rest_route=%2Fwp%2Fv2%2Fcategories&post=15863"},{"taxonomy":"post_tag","embeddable":true,"href":"https:\/\/prefeitura.santarosa.rs.gov.br\/index.php?rest_route=%2Fwp%2Fv2%2Ftags&post=15863"}],"curies":[{"name":"wp","href":"https:\/\/api.w.org\/{rel}","templated":true}]}}