{"id":1586,"date":"2021-05-06T10:08:00","date_gmt":"2021-05-06T13:08:00","guid":{"rendered":"https:\/\/prefeitura.santarosa.rs.gov.br\/?p=1586"},"modified":"2024-10-07T09:55:14","modified_gmt":"2024-10-07T12:55:14","slug":"anderson-mantei-doa-o-salario-para-policia-rodoviaria","status":"publish","type":"post","link":"https:\/\/prefeitura.santarosa.rs.gov.br\/?p=1586","title":{"rendered":"Anderson Mantei doa o sal\u00e1rio para Pol\u00edcia Rodovi\u00e1ria"},"content":{"rendered":"\n<p>O recurso vai servir para reforma do telhado com substitui\u00e7\u00e3o das telhas.<\/p>\n\n\n\n<p>O Prefeito Anderson Mantei segue doando todos os sal\u00e1rios para a comunidade. O valor referente ao m\u00eas de mar\u00e7o foi destinado para a Pol\u00edcia Rodovi\u00e1ria Estadual. O recurso vai servir para reforma do telhado com substitui\u00e7\u00e3o das telhas. Toda estrutura estava comprometida com infiltra\u00e7\u00f5es e rachaduras.<\/p>\n\n\n\n<p>Nesta semana, Anderson fez uma visita a Pol\u00edcia Rodovi\u00e1ria para acompanhar a obra. O material j\u00e1 foi adquirido e todo o telhado ser\u00e1 trocado. A estrutura \u00e9 de 1988 e estava bastante deteriorada. O prefeito recebeu a solicita\u00e7\u00e3o, e encaminhou a doa\u00e7\u00e3o do sal\u00e1rio do m\u00eas de mar\u00e7o, \u201cEsse projeto \u00e9 de extrema import\u00e2ncia, pois os militares estavam com uma estrutura que podia cair a qualquer momento. Fico feliz que mais este benef\u00edcio poder\u00e1 ser proporcionado com a doa\u00e7\u00e3o do meu sal\u00e1rio\u201d. Durante a visita o prefeito tamb\u00e9m aproveitou para conversar com a equipe, \u201cVoc\u00eas t\u00eam um trabalho muito importante n\u00e3o s\u00f3 para Santa Rosa, mas para toda regi\u00e3o, e merecem ter condi\u00e7\u00f5es seguras para desenvolver as a\u00e7\u00f5es\u201d.<\/p>\n\n\n\n<p>O valor destinado pelo prefeito foi R$ 16.529,29 (l\u00edquido). A obra que vai custar um total de R$ 30 mil tamb\u00e9m contou com doa\u00e7\u00e3o do Conselho da Comunidade do FORUM, representado pela Ju\u00edza Dra. Vanessa Medeiros Trevisol. O Comandante Ant\u00f4nio Marcos agradeceu o prefeito, \u201cEssa doa\u00e7\u00e3o foi excelente, pois esse valor vai para completar as reformas que estamos fazendo e o telhado \u00e9 muito importante para nossa seguran\u00e7a\u201d. A Pol\u00edcia Rodovi\u00e1ria Estadual conta com 18 militares. A abrang\u00eancia \u00e9 de 23 munic\u00edpios, da regi\u00e3o Noroeste, com 600km de \u00e1rea de atua\u00e7\u00e3o.<\/p>\n\n\n\n<p>Os projetos, para destina\u00e7\u00e3o o sal\u00e1rio, devem ser entregues na Secretaria de Comunica\u00e7\u00e3o da Prefeitura. Toda entidade ou Associa\u00e7\u00e3o pode encaminhar projeto que passa por um processo de avalia\u00e7\u00e3o, \u201cEssa \u00e9 uma quest\u00e3o pessoal minha e \u00e9 uma forma que eu tenho de contribuir ainda mais com Santa Rosa\u201d, finaliza Anderson.<\/p>\n","protected":false},"excerpt":{"rendered":"<p>O recurso vai servir para reforma do telhado com substitui\u00e7\u00e3o das telhas. O Prefeito Anderson Mantei segue doando todos os<\/p>\n","protected":false},"author":3,"featured_media":1587,"comment_status":"open","ping_status":"open","sticky":false,"template":"","format":"standard","meta":{"footnotes":""},"categories":[4,3],"tags":[],"class_list":["post-1586","post","type-post","status-publish","format-standard","has-post-thumbnail","hentry","category-noticias","category-gabinete-do-prefeito"],"aioseo_notices":[],"_links":{"self":[{"href":"https:\/\/prefeitura.santarosa.rs.gov.br\/index.php?rest_route=\/wp\/v2\/posts\/1586","targetHints":{"allow":["GET"]}}],"collection":[{"href":"https:\/\/prefeitura.santarosa.rs.gov.br\/index.php?rest_route=\/wp\/v2\/posts"}],"about":[{"href":"https:\/\/prefeitura.santarosa.rs.gov.br\/index.php?rest_route=\/wp\/v2\/types\/post"}],"author":[{"embeddable":true,"href":"https:\/\/prefeitura.santarosa.rs.gov.br\/index.php?rest_route=\/wp\/v2\/users\/3"}],"replies":[{"embeddable":true,"href":"https:\/\/prefeitura.santarosa.rs.gov.br\/index.php?rest_route=%2Fwp%2Fv2%2Fcomments&post=1586"}],"version-history":[{"count":1,"href":"https:\/\/prefeitura.santarosa.rs.gov.br\/index.php?rest_route=\/wp\/v2\/posts\/1586\/revisions"}],"predecessor-version":[{"id":1588,"href":"https:\/\/prefeitura.santarosa.rs.gov.br\/index.php?rest_route=\/wp\/v2\/posts\/1586\/revisions\/1588"}],"wp:featuredmedia":[{"embeddable":true,"href":"https:\/\/prefeitura.santarosa.rs.gov.br\/index.php?rest_route=\/wp\/v2\/media\/1587"}],"wp:attachment":[{"href":"https:\/\/prefeitura.santarosa.rs.gov.br\/index.php?rest_route=%2Fwp%2Fv2%2Fmedia&parent=1586"}],"wp:term":[{"taxonomy":"category","embeddable":true,"href":"https:\/\/prefeitura.santarosa.rs.gov.br\/index.php?rest_route=%2Fwp%2Fv2%2Fcategories&post=1586"},{"taxonomy":"post_tag","embeddable":true,"href":"https:\/\/prefeitura.santarosa.rs.gov.br\/index.php?rest_route=%2Fwp%2Fv2%2Ftags&post=1586"}],"curies":[{"name":"wp","href":"https:\/\/api.w.org\/{rel}","templated":true}]}}