{"id":15857,"date":"2026-01-05T15:57:31","date_gmt":"2026-01-05T18:57:31","guid":{"rendered":"https:\/\/prefeitura.santarosa.rs.gov.br\/?p=15857"},"modified":"2026-01-05T16:23:56","modified_gmt":"2026-01-05T19:23:56","slug":"ordem-de-inicio-para-obra-de-drenagem-na-sulina","status":"publish","type":"post","link":"https:\/\/prefeitura.santarosa.rs.gov.br\/?p=15857","title":{"rendered":"Ordem de in\u00edcio para obra de drenagem na Sulina"},"content":{"rendered":"\n<figure class=\"wp-block-image size-large\"><img fetchpriority=\"high\" decoding=\"async\" width=\"1024\" height=\"768\" src=\"https:\/\/prefeitura.santarosa.rs.gov.br\/wp-content\/uploads\/2026\/01\/WhatsApp-Image-2026-01-05-at-15.50.40-1-2-1024x768.jpeg\" alt=\"\" class=\"wp-image-15858\" srcset=\"https:\/\/prefeitura.santarosa.rs.gov.br\/wp-content\/uploads\/2026\/01\/WhatsApp-Image-2026-01-05-at-15.50.40-1-2-1024x768.jpeg 1024w, https:\/\/prefeitura.santarosa.rs.gov.br\/wp-content\/uploads\/2026\/01\/WhatsApp-Image-2026-01-05-at-15.50.40-1-2-300x225.jpeg 300w, https:\/\/prefeitura.santarosa.rs.gov.br\/wp-content\/uploads\/2026\/01\/WhatsApp-Image-2026-01-05-at-15.50.40-1-2-768x576.jpeg 768w, https:\/\/prefeitura.santarosa.rs.gov.br\/wp-content\/uploads\/2026\/01\/WhatsApp-Image-2026-01-05-at-15.50.40-1-2.jpeg 1280w\" sizes=\"(max-width: 1024px) 100vw, 1024px\" \/><\/figure>\n\n\n\n<p>Um problema hist\u00f3rico na Sulina ser\u00e1 resolvido. A rua Jo\u00e3o Pedro Timm, principal acesso para o bairro receber\u00e1 obra de drenagem e pavimenta\u00e7\u00e3o asf\u00e1ltica. No local, sempre que chove muito, entra \u00e1gua nas casas, em oficinas e nos terrenos. Para solucionar esse problema, o Prefeito Aldemir Ulrich acaba de assinar a ordem de in\u00edcio para a obra de drenagem para captar \u00e1gua das ruas Jo\u00e3o Felipe dos Santos e Crist\u00f3v\u00e3o Leopoldo Meinertz. O investimento ser\u00e1 de mais de R$ 1,8 milh\u00e3o. A extens\u00e3o da obra \u00e9 de 408 metros e tem um prazo de 150 dias para ser finalizada.<\/p>\n","protected":false},"excerpt":{"rendered":"<p>Um problema hist\u00f3rico na Sulina ser\u00e1 resolvido. A rua Jo\u00e3o Pedro Timm, principal acesso para o bairro receber\u00e1 obra de<\/p>\n","protected":false},"author":12,"featured_media":15859,"comment_status":"closed","ping_status":"closed","sticky":false,"template":"","format":"standard","meta":{"footnotes":""},"categories":[4,22],"tags":[],"class_list":["post-15857","post","type-post","status-publish","format-standard","has-post-thumbnail","hentry","category-noticias","category-secretaria-municipal-de-planejamento-e-habitacao"],"aioseo_notices":[],"_links":{"self":[{"href":"https:\/\/prefeitura.santarosa.rs.gov.br\/index.php?rest_route=\/wp\/v2\/posts\/15857","targetHints":{"allow":["GET"]}}],"collection":[{"href":"https:\/\/prefeitura.santarosa.rs.gov.br\/index.php?rest_route=\/wp\/v2\/posts"}],"about":[{"href":"https:\/\/prefeitura.santarosa.rs.gov.br\/index.php?rest_route=\/wp\/v2\/types\/post"}],"author":[{"embeddable":true,"href":"https:\/\/prefeitura.santarosa.rs.gov.br\/index.php?rest_route=\/wp\/v2\/users\/12"}],"replies":[{"embeddable":true,"href":"https:\/\/prefeitura.santarosa.rs.gov.br\/index.php?rest_route=%2Fwp%2Fv2%2Fcomments&post=15857"}],"version-history":[{"count":2,"href":"https:\/\/prefeitura.santarosa.rs.gov.br\/index.php?rest_route=\/wp\/v2\/posts\/15857\/revisions"}],"predecessor-version":[{"id":15861,"href":"https:\/\/prefeitura.santarosa.rs.gov.br\/index.php?rest_route=\/wp\/v2\/posts\/15857\/revisions\/15861"}],"wp:featuredmedia":[{"embeddable":true,"href":"https:\/\/prefeitura.santarosa.rs.gov.br\/index.php?rest_route=\/wp\/v2\/media\/15859"}],"wp:attachment":[{"href":"https:\/\/prefeitura.santarosa.rs.gov.br\/index.php?rest_route=%2Fwp%2Fv2%2Fmedia&parent=15857"}],"wp:term":[{"taxonomy":"category","embeddable":true,"href":"https:\/\/prefeitura.santarosa.rs.gov.br\/index.php?rest_route=%2Fwp%2Fv2%2Fcategories&post=15857"},{"taxonomy":"post_tag","embeddable":true,"href":"https:\/\/prefeitura.santarosa.rs.gov.br\/index.php?rest_route=%2Fwp%2Fv2%2Ftags&post=15857"}],"curies":[{"name":"wp","href":"https:\/\/api.w.org\/{rel}","templated":true}]}}