{"id":15748,"date":"2025-12-12T09:56:52","date_gmt":"2025-12-12T12:56:52","guid":{"rendered":"https:\/\/prefeitura.santarosa.rs.gov.br\/?p=15748"},"modified":"2025-12-12T09:56:53","modified_gmt":"2025-12-12T12:56:53","slug":"avancos-das-compras-publicas-na-prefeitura-resultados-de-2025-e-desafios-para-2026","status":"publish","type":"post","link":"https:\/\/prefeitura.santarosa.rs.gov.br\/?p=15748","title":{"rendered":"Avan\u00e7os das Compras P\u00fablicas na Prefeitura: Resultados de 2025 e Desafios para 2026"},"content":{"rendered":"\n<figure class=\"wp-block-image size-large\"><img fetchpriority=\"high\" decoding=\"async\" width=\"1024\" height=\"768\" src=\"https:\/\/prefeitura.santarosa.rs.gov.br\/wp-content\/uploads\/2025\/12\/WhatsApp-Image-2025-12-12-at-09.29.34-1024x768.jpeg\" alt=\"\" class=\"wp-image-15749\" srcset=\"https:\/\/prefeitura.santarosa.rs.gov.br\/wp-content\/uploads\/2025\/12\/WhatsApp-Image-2025-12-12-at-09.29.34-1024x768.jpeg 1024w, https:\/\/prefeitura.santarosa.rs.gov.br\/wp-content\/uploads\/2025\/12\/WhatsApp-Image-2025-12-12-at-09.29.34-300x225.jpeg 300w, https:\/\/prefeitura.santarosa.rs.gov.br\/wp-content\/uploads\/2025\/12\/WhatsApp-Image-2025-12-12-at-09.29.34-768x576.jpeg 768w, https:\/\/prefeitura.santarosa.rs.gov.br\/wp-content\/uploads\/2025\/12\/WhatsApp-Image-2025-12-12-at-09.29.34.jpeg 1280w\" sizes=\"(max-width: 1024px) 100vw, 1024px\" \/><\/figure>\n\n\n\n<p>Avalia\u00e7\u00e3o e prospec\u00e7\u00e3o das a\u00e7\u00f5es da \u00e1rea de compras para o ano de 2026. Foi realizada uma reuni\u00e3o com todos os servidores do setor, bem como o Vice-Prefeito Aldemir Ulrich, refor\u00e7ando o compromisso da Administra\u00e7\u00e3o Municipal com a melhoria cont\u00ednua dos processos p\u00fablicos. Durante o encontro, foram apresentadas as principais conquistas alcan\u00e7adas em 2025, que demonstram avan\u00e7os significativos na efici\u00eancia, na transpar\u00eancia e na moderniza\u00e7\u00e3o da gest\u00e3o.<\/p>\n\n\n\n<p>Entre os resultados apresentados, foi destaque a agilidade na abertura de processos, que passou a ocorrer diretamente no m\u00f3dulo de Compras, reduzindo em um dia o tempo de espera que antes dependia do Setor de Protocolo. Atualmente, os processos s\u00e3o imediatamente encaminhados para as secretarias demandantes. Outro ponto relevante foi a cria\u00e7\u00e3o do Servi\u00e7o digital para gera\u00e7\u00e3o de c\u00f3digos de produtos, que automatizou o fluxo e reduziu o tempo m\u00e9dio de resposta em cerca de uma semana.<\/p>\n\n\n\n<p>Tamb\u00e9m houve expressiva evolu\u00e7\u00e3o na agilidade do cadastro no Licitacon, cujo processamento reduziu de aproximadamente tr\u00eas horas para apenas trinta minutos.&nbsp;<\/p>\n\n\n\n<p>Para 2026, foram apresentados alguns importantes desafios. Segundo o Secret\u00e1rio de Governan\u00e7a e Gest\u00e3o, Ademir Rosa, \u201cOs resultados alcan\u00e7ados s\u00e3o fruto de processos de trabalho melhores estruturados, do comprometimento das equipes e da busca constante por inova\u00e7\u00e3o. A melhoria cont\u00ednua n\u00e3o \u00e9 apenas uma meta, mas uma necessidade permanente para garantir transpar\u00eancia, efici\u00eancia e qualidade no gasto p\u00fablico. Seguiremos avan\u00e7ando, aprimorando cada etapa e construindo uma gest\u00e3o cada vez mais moderna e preparada para os desafios dos pr\u00f3ximos anos.\u201d<\/p>\n\n\n\n<p>&nbsp;Os indicadores refor\u00e7am o avan\u00e7o expressivo da \u00e1rea: o n\u00famero de licita\u00e7\u00f5es realizadas passou de 415 em 2021 para 794 em 2025, enquanto o \u00edndice de licita\u00e7\u00f5es bem-sucedidas cresceu de 93,73% para 96,74% no mesmo per\u00edodo. Em 2025, a economia m\u00e9dia gerada chegou a 10,72%, com R$ 245.124.421,72 movimentados at\u00e9 1\u00ba de dezembro e um acumulado total de R$ 772.403.341,50 nos \u00faltimos 5 anos.<\/p>\n","protected":false},"excerpt":{"rendered":"<p>Avalia\u00e7\u00e3o e prospec\u00e7\u00e3o das a\u00e7\u00f5es da \u00e1rea de compras para o ano de 2026. Foi realizada uma reuni\u00e3o com todos<\/p>\n","protected":false},"author":12,"featured_media":15750,"comment_status":"closed","ping_status":"closed","sticky":false,"template":"","format":"standard","meta":{"footnotes":""},"categories":[4,23],"tags":[],"class_list":["post-15748","post","type-post","status-publish","format-standard","has-post-thumbnail","hentry","category-noticias","category-secretaria-municipal-governanca-gestao"],"aioseo_notices":[],"_links":{"self":[{"href":"https:\/\/prefeitura.santarosa.rs.gov.br\/index.php?rest_route=\/wp\/v2\/posts\/15748","targetHints":{"allow":["GET"]}}],"collection":[{"href":"https:\/\/prefeitura.santarosa.rs.gov.br\/index.php?rest_route=\/wp\/v2\/posts"}],"about":[{"href":"https:\/\/prefeitura.santarosa.rs.gov.br\/index.php?rest_route=\/wp\/v2\/types\/post"}],"author":[{"embeddable":true,"href":"https:\/\/prefeitura.santarosa.rs.gov.br\/index.php?rest_route=\/wp\/v2\/users\/12"}],"replies":[{"embeddable":true,"href":"https:\/\/prefeitura.santarosa.rs.gov.br\/index.php?rest_route=%2Fwp%2Fv2%2Fcomments&post=15748"}],"version-history":[{"count":1,"href":"https:\/\/prefeitura.santarosa.rs.gov.br\/index.php?rest_route=\/wp\/v2\/posts\/15748\/revisions"}],"predecessor-version":[{"id":15751,"href":"https:\/\/prefeitura.santarosa.rs.gov.br\/index.php?rest_route=\/wp\/v2\/posts\/15748\/revisions\/15751"}],"wp:featuredmedia":[{"embeddable":true,"href":"https:\/\/prefeitura.santarosa.rs.gov.br\/index.php?rest_route=\/wp\/v2\/media\/15750"}],"wp:attachment":[{"href":"https:\/\/prefeitura.santarosa.rs.gov.br\/index.php?rest_route=%2Fwp%2Fv2%2Fmedia&parent=15748"}],"wp:term":[{"taxonomy":"category","embeddable":true,"href":"https:\/\/prefeitura.santarosa.rs.gov.br\/index.php?rest_route=%2Fwp%2Fv2%2Fcategories&post=15748"},{"taxonomy":"post_tag","embeddable":true,"href":"https:\/\/prefeitura.santarosa.rs.gov.br\/index.php?rest_route=%2Fwp%2Fv2%2Ftags&post=15748"}],"curies":[{"name":"wp","href":"https:\/\/api.w.org\/{rel}","templated":true}]}}