{"id":15743,"date":"2025-12-11T16:54:58","date_gmt":"2025-12-11T19:54:58","guid":{"rendered":"https:\/\/prefeitura.santarosa.rs.gov.br\/?p=15743"},"modified":"2025-12-11T16:54:59","modified_gmt":"2025-12-11T19:54:59","slug":"21-dias-de-ativismo-pelo-fim-da-violencia-contra-a-mulher","status":"publish","type":"post","link":"https:\/\/prefeitura.santarosa.rs.gov.br\/?p=15743","title":{"rendered":"21 Dias de Ativismo pelo Fim da Viol\u00eancia Contra a Mulher"},"content":{"rendered":"\n<figure class=\"wp-block-image size-large\"><img fetchpriority=\"high\" decoding=\"async\" width=\"1024\" height=\"768\" src=\"https:\/\/prefeitura.santarosa.rs.gov.br\/wp-content\/uploads\/2025\/12\/WhatsApp-Image-2025-12-11-at-09.57.06-1024x768.jpeg\" alt=\"\" class=\"wp-image-15744\" srcset=\"https:\/\/prefeitura.santarosa.rs.gov.br\/wp-content\/uploads\/2025\/12\/WhatsApp-Image-2025-12-11-at-09.57.06-1024x768.jpeg 1024w, https:\/\/prefeitura.santarosa.rs.gov.br\/wp-content\/uploads\/2025\/12\/WhatsApp-Image-2025-12-11-at-09.57.06-300x225.jpeg 300w, https:\/\/prefeitura.santarosa.rs.gov.br\/wp-content\/uploads\/2025\/12\/WhatsApp-Image-2025-12-11-at-09.57.06-768x576.jpeg 768w, https:\/\/prefeitura.santarosa.rs.gov.br\/wp-content\/uploads\/2025\/12\/WhatsApp-Image-2025-12-11-at-09.57.06.jpeg 1280w\" sizes=\"(max-width: 1024px) 100vw, 1024px\" \/><\/figure>\n\n\n\n<p>Nesta semana, ocorreu o ato de encerramento dos 21 Dias de Ativismo pelo Fim da Viol\u00eancia Contra a Mulher. Ao longo da campanha, a Rede de Prote\u00e7\u00e3o da Mulher promoveu exposi\u00e7\u00f5es, palestras e rodas de conversa, fortalecendo o compromisso coletivo com a defesa da vida, do respeito e dos direitos das mulheres. Tamb\u00e9m foi realizada a primeira caminhada silenciosa, que saiu do Mercado P\u00fablico em dire\u00e7\u00e3o ao Centro Cultural, pela Rua Rio Branco.&nbsp;<\/p>\n\n\n\n<p>Mesmo sob chuva, vestidas de preto e segurando cartazes com mensagens pelo fim do abuso, do feminic\u00eddio e pela valoriza\u00e7\u00e3o da mulher, as participantes caminharam em uni\u00e3o pela causa. No encerramento, bal\u00f5es brancos foram soltos, simbolizando paz, esperan\u00e7a e o desejo de um futuro sem viol\u00eancia. O grupo foi formado por mulheres de diferentes segmentos da sociedade: sindicalistas, rotarianas, advogadas, servidoras p\u00fablicas, professoras aposentadas, clubes de m\u00e3es e comerci\u00e1rias. A Patrulha Maria da Penha acompanhou a caminhada, garantindo a seguran\u00e7a e reafirmando seu compromisso no enfrentamento \u00e0 viol\u00eancia de g\u00eanero. A atividade foi organizada pela Assessoria de Pol\u00edticas P\u00fablicas para as Mulheres, Secretaria de Desenvolvimento Social e Sindicato dos Comerci\u00e1rios e COMDIM.<\/p>\n","protected":false},"excerpt":{"rendered":"<p>Nesta semana, ocorreu o ato de encerramento dos 21 Dias de Ativismo pelo Fim da Viol\u00eancia Contra a Mulher. Ao<\/p>\n","protected":false},"author":12,"featured_media":15745,"comment_status":"closed","ping_status":"closed","sticky":false,"template":"","format":"standard","meta":{"footnotes":""},"categories":[4,17],"tags":[],"class_list":["post-15743","post","type-post","status-publish","format-standard","has-post-thumbnail","hentry","category-noticias","category-secretaria-municipal-de-desenvolvimento-social"],"aioseo_notices":[],"_links":{"self":[{"href":"https:\/\/prefeitura.santarosa.rs.gov.br\/index.php?rest_route=\/wp\/v2\/posts\/15743","targetHints":{"allow":["GET"]}}],"collection":[{"href":"https:\/\/prefeitura.santarosa.rs.gov.br\/index.php?rest_route=\/wp\/v2\/posts"}],"about":[{"href":"https:\/\/prefeitura.santarosa.rs.gov.br\/index.php?rest_route=\/wp\/v2\/types\/post"}],"author":[{"embeddable":true,"href":"https:\/\/prefeitura.santarosa.rs.gov.br\/index.php?rest_route=\/wp\/v2\/users\/12"}],"replies":[{"embeddable":true,"href":"https:\/\/prefeitura.santarosa.rs.gov.br\/index.php?rest_route=%2Fwp%2Fv2%2Fcomments&post=15743"}],"version-history":[{"count":1,"href":"https:\/\/prefeitura.santarosa.rs.gov.br\/index.php?rest_route=\/wp\/v2\/posts\/15743\/revisions"}],"predecessor-version":[{"id":15746,"href":"https:\/\/prefeitura.santarosa.rs.gov.br\/index.php?rest_route=\/wp\/v2\/posts\/15743\/revisions\/15746"}],"wp:featuredmedia":[{"embeddable":true,"href":"https:\/\/prefeitura.santarosa.rs.gov.br\/index.php?rest_route=\/wp\/v2\/media\/15745"}],"wp:attachment":[{"href":"https:\/\/prefeitura.santarosa.rs.gov.br\/index.php?rest_route=%2Fwp%2Fv2%2Fmedia&parent=15743"}],"wp:term":[{"taxonomy":"category","embeddable":true,"href":"https:\/\/prefeitura.santarosa.rs.gov.br\/index.php?rest_route=%2Fwp%2Fv2%2Fcategories&post=15743"},{"taxonomy":"post_tag","embeddable":true,"href":"https:\/\/prefeitura.santarosa.rs.gov.br\/index.php?rest_route=%2Fwp%2Fv2%2Ftags&post=15743"}],"curies":[{"name":"wp","href":"https:\/\/api.w.org\/{rel}","templated":true}]}}