{"id":15738,"date":"2025-12-11T16:24:41","date_gmt":"2025-12-11T19:24:41","guid":{"rendered":"https:\/\/prefeitura.santarosa.rs.gov.br\/?p=15738"},"modified":"2025-12-11T16:24:43","modified_gmt":"2025-12-11T19:24:43","slug":"santa-rosa-recebe-doses-da-vacina-do-virus-sincicial-respiratorio-para-aplicacao-em-gestantes","status":"publish","type":"post","link":"https:\/\/prefeitura.santarosa.rs.gov.br\/?p=15738","title":{"rendered":"Santa Rosa recebe doses da vacina do V\u00edrus Sincicial Respirat\u00f3rio para aplica\u00e7\u00e3o em gestantes"},"content":{"rendered":"\n<figure class=\"wp-block-image size-large\"><img fetchpriority=\"high\" decoding=\"async\" width=\"1024\" height=\"691\" src=\"https:\/\/prefeitura.santarosa.rs.gov.br\/wp-content\/uploads\/2025\/12\/Formato-Portal-do-Cidadao-1600X1080JPG-85-1024x691.jpg\" alt=\"\" class=\"wp-image-15739\" srcset=\"https:\/\/prefeitura.santarosa.rs.gov.br\/wp-content\/uploads\/2025\/12\/Formato-Portal-do-Cidadao-1600X1080JPG-85-1024x691.jpg 1024w, https:\/\/prefeitura.santarosa.rs.gov.br\/wp-content\/uploads\/2025\/12\/Formato-Portal-do-Cidadao-1600X1080JPG-85-300x203.jpg 300w, https:\/\/prefeitura.santarosa.rs.gov.br\/wp-content\/uploads\/2025\/12\/Formato-Portal-do-Cidadao-1600X1080JPG-85-768x518.jpg 768w, https:\/\/prefeitura.santarosa.rs.gov.br\/wp-content\/uploads\/2025\/12\/Formato-Portal-do-Cidadao-1600X1080JPG-85-1536x1037.jpg 1536w, https:\/\/prefeitura.santarosa.rs.gov.br\/wp-content\/uploads\/2025\/12\/Formato-Portal-do-Cidadao-1600X1080JPG-85.jpg 1600w\" sizes=\"(max-width: 1024px) 100vw, 1024px\" \/><\/figure>\n\n\n\n<p>Nesta semana, o munic\u00edpio de Santa Rosa recebeu a primeira remessa de doses da vacina do V\u00edrus Sincicial Respirat\u00f3rio para aplica\u00e7\u00e3o em gestantes a partir da 28\u00aa semana. O imunizante ajuda a prevenir casos de v\u00edrus respirat\u00f3rios em rec\u00e9m-nascidos, atrav\u00e9s da produ\u00e7\u00e3o de anticorpos contra o v\u00edrus que s\u00e3o transferidos ao beb\u00ea pelo cord\u00e3o umbilical.&nbsp;<\/p>\n\n\n\n<p>Com a chegada das doses \u00e0s Unidades B\u00e1sicas de Sa\u00fade (UBS), o Minist\u00e9rio orienta as equipes a verificarem e atualizarem a situa\u00e7\u00e3o vacinal das gestantes, incluindo influenza e covid-19, uma vez que a vacina contra o VSR pode ser administrada simultaneamente com esses imunizantes. As doses foram distribu\u00eddas para as UBSs do munic\u00edpio para o p\u00fablico elencado.<\/p>\n","protected":false},"excerpt":{"rendered":"<p>Nesta semana, o munic\u00edpio de Santa Rosa recebeu a primeira remessa de doses da vacina do V\u00edrus Sincicial Respirat\u00f3rio para<\/p>\n","protected":false},"author":12,"featured_media":15740,"comment_status":"closed","ping_status":"closed","sticky":false,"template":"","format":"standard","meta":{"footnotes":""},"categories":[4,8],"tags":[],"class_list":["post-15738","post","type-post","status-publish","format-standard","has-post-thumbnail","hentry","category-noticias","category-noticias-fumssar"],"aioseo_notices":[],"_links":{"self":[{"href":"https:\/\/prefeitura.santarosa.rs.gov.br\/index.php?rest_route=\/wp\/v2\/posts\/15738","targetHints":{"allow":["GET"]}}],"collection":[{"href":"https:\/\/prefeitura.santarosa.rs.gov.br\/index.php?rest_route=\/wp\/v2\/posts"}],"about":[{"href":"https:\/\/prefeitura.santarosa.rs.gov.br\/index.php?rest_route=\/wp\/v2\/types\/post"}],"author":[{"embeddable":true,"href":"https:\/\/prefeitura.santarosa.rs.gov.br\/index.php?rest_route=\/wp\/v2\/users\/12"}],"replies":[{"embeddable":true,"href":"https:\/\/prefeitura.santarosa.rs.gov.br\/index.php?rest_route=%2Fwp%2Fv2%2Fcomments&post=15738"}],"version-history":[{"count":1,"href":"https:\/\/prefeitura.santarosa.rs.gov.br\/index.php?rest_route=\/wp\/v2\/posts\/15738\/revisions"}],"predecessor-version":[{"id":15741,"href":"https:\/\/prefeitura.santarosa.rs.gov.br\/index.php?rest_route=\/wp\/v2\/posts\/15738\/revisions\/15741"}],"wp:featuredmedia":[{"embeddable":true,"href":"https:\/\/prefeitura.santarosa.rs.gov.br\/index.php?rest_route=\/wp\/v2\/media\/15740"}],"wp:attachment":[{"href":"https:\/\/prefeitura.santarosa.rs.gov.br\/index.php?rest_route=%2Fwp%2Fv2%2Fmedia&parent=15738"}],"wp:term":[{"taxonomy":"category","embeddable":true,"href":"https:\/\/prefeitura.santarosa.rs.gov.br\/index.php?rest_route=%2Fwp%2Fv2%2Fcategories&post=15738"},{"taxonomy":"post_tag","embeddable":true,"href":"https:\/\/prefeitura.santarosa.rs.gov.br\/index.php?rest_route=%2Fwp%2Fv2%2Ftags&post=15738"}],"curies":[{"name":"wp","href":"https:\/\/api.w.org\/{rel}","templated":true}]}}