{"id":15732,"date":"2025-12-11T14:20:30","date_gmt":"2025-12-11T17:20:30","guid":{"rendered":"https:\/\/prefeitura.santarosa.rs.gov.br\/?p=15732"},"modified":"2025-12-11T14:20:30","modified_gmt":"2025-12-11T17:20:30","slug":"fumssar-realiza-dia-d-de-prevencao-das-infeccoes-sexualmente-transmissiveis-ists","status":"publish","type":"post","link":"https:\/\/prefeitura.santarosa.rs.gov.br\/?p=15732","title":{"rendered":"FUMSSAR realiza dia D de Preven\u00e7\u00e3o das Infec\u00e7\u00f5es Sexualmente Transmiss\u00edveis (ISTs)\u00a0 \u00a0 \u00a0\u00a0"},"content":{"rendered":"\n<figure class=\"wp-block-image size-large\"><img fetchpriority=\"high\" decoding=\"async\" width=\"1024\" height=\"908\" src=\"https:\/\/prefeitura.santarosa.rs.gov.br\/wp-content\/uploads\/2025\/12\/WhatsApp-Image-2025-12-11-at-12.12.08-1024x908.jpeg\" alt=\"\" class=\"wp-image-15733\" srcset=\"https:\/\/prefeitura.santarosa.rs.gov.br\/wp-content\/uploads\/2025\/12\/WhatsApp-Image-2025-12-11-at-12.12.08-1024x908.jpeg 1024w, https:\/\/prefeitura.santarosa.rs.gov.br\/wp-content\/uploads\/2025\/12\/WhatsApp-Image-2025-12-11-at-12.12.08-300x266.jpeg 300w, https:\/\/prefeitura.santarosa.rs.gov.br\/wp-content\/uploads\/2025\/12\/WhatsApp-Image-2025-12-11-at-12.12.08-768x681.jpeg 768w, https:\/\/prefeitura.santarosa.rs.gov.br\/wp-content\/uploads\/2025\/12\/WhatsApp-Image-2025-12-11-at-12.12.08-1536x1361.jpeg 1536w, https:\/\/prefeitura.santarosa.rs.gov.br\/wp-content\/uploads\/2025\/12\/WhatsApp-Image-2025-12-11-at-12.12.08.jpeg 1600w\" sizes=\"(max-width: 1024px) 100vw, 1024px\" \/><\/figure>\n\n\n\n<p>A Funda\u00e7\u00e3o Municipal de Sa\u00fade de Santa Rosa (FUMSSAR), por meio da equipe do CRAIP, realizou no \u00faltimo s\u00e1bado 06 de dezembro, uma a\u00e7\u00e3o especial do Dia D em alus\u00e3o ao Dezembro Vermelho. Este m\u00eas que \u00e9 dedicado \u00e0 conscientiza\u00e7\u00e3o, preven\u00e7\u00e3o e cuidado em rela\u00e7\u00e3o \u00e0s Infec\u00e7\u00f5es Sexualmente Transmiss\u00edveis (ISTs). A atividade ocorreu no Mercado P\u00fablico e teve ades\u00e3o da comunidade.<\/p>\n\n\n\n<p>A equipe realizou abordagens educativas, distribui\u00e7\u00e3o de materiais informativos e orienta\u00e7\u00f5es sobre preven\u00e7\u00e3o,&nbsp; tratamento e cuidados cont\u00ednuos frente \u00e0s ISTs. Tamb\u00e9m foi ofertada, de forma gratuita e sigilosa, a testagem r\u00e1pida, somando 105 testes realizados. A a\u00e7\u00e3o contou com a atua\u00e7\u00e3o integrada dos profissionais do CRAIP: m\u00e9dico, enfermeira, assistente social, farmac\u00eautica, psic\u00f3loga e t\u00e9cnico de enfermagem, que estiveram \u00e0 disposi\u00e7\u00e3o para acolhimento, esclarecimento de d\u00favidas. A iniciativa refor\u00e7a o compromisso da FUMSSAR com a promo\u00e7\u00e3o da sa\u00fade, a preven\u00e7\u00e3o e o diagn\u00f3stico precoce, pilares fundamentais para o enfrentamento \u00e0s ISTs e ao HIV no munic\u00edpio.<\/p>\n","protected":false},"excerpt":{"rendered":"<p>A Funda\u00e7\u00e3o Municipal de Sa\u00fade de Santa Rosa (FUMSSAR), por meio da equipe do CRAIP, realizou no \u00faltimo s\u00e1bado 06<\/p>\n","protected":false},"author":12,"featured_media":15735,"comment_status":"closed","ping_status":"closed","sticky":false,"template":"","format":"standard","meta":{"footnotes":""},"categories":[4,8],"tags":[],"class_list":["post-15732","post","type-post","status-publish","format-standard","has-post-thumbnail","hentry","category-noticias","category-noticias-fumssar"],"aioseo_notices":[],"_links":{"self":[{"href":"https:\/\/prefeitura.santarosa.rs.gov.br\/index.php?rest_route=\/wp\/v2\/posts\/15732","targetHints":{"allow":["GET"]}}],"collection":[{"href":"https:\/\/prefeitura.santarosa.rs.gov.br\/index.php?rest_route=\/wp\/v2\/posts"}],"about":[{"href":"https:\/\/prefeitura.santarosa.rs.gov.br\/index.php?rest_route=\/wp\/v2\/types\/post"}],"author":[{"embeddable":true,"href":"https:\/\/prefeitura.santarosa.rs.gov.br\/index.php?rest_route=\/wp\/v2\/users\/12"}],"replies":[{"embeddable":true,"href":"https:\/\/prefeitura.santarosa.rs.gov.br\/index.php?rest_route=%2Fwp%2Fv2%2Fcomments&post=15732"}],"version-history":[{"count":1,"href":"https:\/\/prefeitura.santarosa.rs.gov.br\/index.php?rest_route=\/wp\/v2\/posts\/15732\/revisions"}],"predecessor-version":[{"id":15736,"href":"https:\/\/prefeitura.santarosa.rs.gov.br\/index.php?rest_route=\/wp\/v2\/posts\/15732\/revisions\/15736"}],"wp:featuredmedia":[{"embeddable":true,"href":"https:\/\/prefeitura.santarosa.rs.gov.br\/index.php?rest_route=\/wp\/v2\/media\/15735"}],"wp:attachment":[{"href":"https:\/\/prefeitura.santarosa.rs.gov.br\/index.php?rest_route=%2Fwp%2Fv2%2Fmedia&parent=15732"}],"wp:term":[{"taxonomy":"category","embeddable":true,"href":"https:\/\/prefeitura.santarosa.rs.gov.br\/index.php?rest_route=%2Fwp%2Fv2%2Fcategories&post=15732"},{"taxonomy":"post_tag","embeddable":true,"href":"https:\/\/prefeitura.santarosa.rs.gov.br\/index.php?rest_route=%2Fwp%2Fv2%2Ftags&post=15732"}],"curies":[{"name":"wp","href":"https:\/\/api.w.org\/{rel}","templated":true}]}}