{"id":15725,"date":"2025-12-10T14:30:27","date_gmt":"2025-12-10T17:30:27","guid":{"rendered":"https:\/\/prefeitura.santarosa.rs.gov.br\/?p=15725"},"modified":"2025-12-10T14:30:29","modified_gmt":"2025-12-10T17:30:29","slug":"5a-aprhofest-promete-movimentar-santa-rosa-com-feira-gastronomia-e-shows","status":"publish","type":"post","link":"https:\/\/prefeitura.santarosa.rs.gov.br\/?p=15725","title":{"rendered":"5\u00aa Aprhofest promete movimentar Santa Rosa com feira, gastronomia e shows"},"content":{"rendered":"\n<figure class=\"wp-block-image size-large\"><img fetchpriority=\"high\" decoding=\"async\" width=\"1024\" height=\"691\" src=\"https:\/\/prefeitura.santarosa.rs.gov.br\/wp-content\/uploads\/2025\/12\/Formato-Portal-do-Cidadao-1600X1080JPG-83-1024x691.jpg\" alt=\"\" class=\"wp-image-15726\" srcset=\"https:\/\/prefeitura.santarosa.rs.gov.br\/wp-content\/uploads\/2025\/12\/Formato-Portal-do-Cidadao-1600X1080JPG-83-1024x691.jpg 1024w, https:\/\/prefeitura.santarosa.rs.gov.br\/wp-content\/uploads\/2025\/12\/Formato-Portal-do-Cidadao-1600X1080JPG-83-300x203.jpg 300w, https:\/\/prefeitura.santarosa.rs.gov.br\/wp-content\/uploads\/2025\/12\/Formato-Portal-do-Cidadao-1600X1080JPG-83-768x518.jpg 768w, https:\/\/prefeitura.santarosa.rs.gov.br\/wp-content\/uploads\/2025\/12\/Formato-Portal-do-Cidadao-1600X1080JPG-83-1536x1037.jpg 1536w, https:\/\/prefeitura.santarosa.rs.gov.br\/wp-content\/uploads\/2025\/12\/Formato-Portal-do-Cidadao-1600X1080JPG-83.jpg 1600w\" sizes=\"(max-width: 1024px) 100vw, 1024px\" \/><\/figure>\n\n\n\n<p>Santa Rosa se prepara para receber a Aprhofest 2025, que acontece de sexta-feira, 12 de dezembro, a domingo, 14 de dezembro, no Mercado P\u00fablico Municipal. O evento integra a programa\u00e7\u00e3o de fim de ano da cidade e marca um dos momentos mais aguardados do calend\u00e1rio natalino local.<\/p>\n\n\n\n<p>A Aprhofest \u00e9 organizada pela APRHOROSA (Associa\u00e7\u00e3o dos Produtores de Hortigranjeiros de Santa Rosa) e pela Prefeitura Municipal de Santa Rosa com o apoio do Hortigranjeiros.<\/p>\n\n\n\n<p>O evento tem como objetivo valorizar os produtores locais, fomentar o empreendedorismo rural e integrar o campo com a cidade, destacando hortigranjeiros, agroind\u00fastrias, artesanato e a produ\u00e7\u00e3o regional.<\/p>\n\n\n\n<p>Feira, gastronomia e atra\u00e7\u00f5es culturais<\/p>\n\n\n\n<p>Durante os tr\u00eas dias, o p\u00fablico poder\u00e1 encontrar:<\/p>\n\n\n\n<p>&#8211; Bancas de produtos hortifrutigranjeiros;<\/p>\n\n\n\n<p>&#8211; Produtos de agroind\u00fastrias locais;<\/p>\n\n\n\n<p>&#8211; Artesanato e produtos regionais;<\/p>\n\n\n\n<p>&#8211; Pra\u00e7a de alimenta\u00e7\u00e3o com op\u00e7\u00f5es gastron\u00f4micas variadas;<\/p>\n\n\n\n<p>&#8211; Apresenta\u00e7\u00f5es culturais e musicais com programa\u00e7\u00e3o diversificada.<\/p>\n\n\n\n<p>Programa\u00e7\u00e3o 5\u00ba APRHOFEST<\/p>\n\n\n\n<p><strong>12\/12<\/strong>&nbsp;&#8211; Sexta-feira&nbsp;<\/p>\n\n\n\n<p>17h- Abertura Oficial&nbsp;<\/p>\n\n\n\n<p>18h- Banda Municipal&nbsp;<\/p>\n\n\n\n<p>20h- Kaique Rodrigues&nbsp;<\/p>\n\n\n\n<p><strong>13\/12<\/strong>&nbsp;&#8211; S\u00e1bado&nbsp;<\/p>\n\n\n\n<p>10h- in\u00edcio&nbsp;<\/p>\n\n\n\n<p>20h- Resenha 2 + Junior Freitas&nbsp;<\/p>\n\n\n\n<p><strong>14\/12<\/strong>&nbsp;&#8211; Domingo&nbsp;<\/p>\n\n\n\n<p>12h- in\u00edcio&nbsp;<\/p>\n\n\n\n<p>18h- Orquestra de Viol\u00f5es (Recital)<\/p>\n\n\n\n<p>19h- Maturidade Ativa (SESC<\/p>\n\n\n\n<p>20h- Som e Voz<\/p>\n","protected":false},"excerpt":{"rendered":"<p>Santa Rosa se prepara para receber a Aprhofest 2025, que acontece de sexta-feira, 12 de dezembro, a domingo, 14 de<\/p>\n","protected":false},"author":12,"featured_media":15728,"comment_status":"closed","ping_status":"closed","sticky":false,"template":"","format":"standard","meta":{"footnotes":""},"categories":[4,16],"tags":[],"class_list":["post-15725","post","type-post","status-publish","format-standard","has-post-thumbnail","hentry","category-noticias","category-secretaria-municipal-de-desenvolvimento-economico-turismo-e-tecnologia"],"aioseo_notices":[],"_links":{"self":[{"href":"https:\/\/prefeitura.santarosa.rs.gov.br\/index.php?rest_route=\/wp\/v2\/posts\/15725","targetHints":{"allow":["GET"]}}],"collection":[{"href":"https:\/\/prefeitura.santarosa.rs.gov.br\/index.php?rest_route=\/wp\/v2\/posts"}],"about":[{"href":"https:\/\/prefeitura.santarosa.rs.gov.br\/index.php?rest_route=\/wp\/v2\/types\/post"}],"author":[{"embeddable":true,"href":"https:\/\/prefeitura.santarosa.rs.gov.br\/index.php?rest_route=\/wp\/v2\/users\/12"}],"replies":[{"embeddable":true,"href":"https:\/\/prefeitura.santarosa.rs.gov.br\/index.php?rest_route=%2Fwp%2Fv2%2Fcomments&post=15725"}],"version-history":[{"count":1,"href":"https:\/\/prefeitura.santarosa.rs.gov.br\/index.php?rest_route=\/wp\/v2\/posts\/15725\/revisions"}],"predecessor-version":[{"id":15729,"href":"https:\/\/prefeitura.santarosa.rs.gov.br\/index.php?rest_route=\/wp\/v2\/posts\/15725\/revisions\/15729"}],"wp:featuredmedia":[{"embeddable":true,"href":"https:\/\/prefeitura.santarosa.rs.gov.br\/index.php?rest_route=\/wp\/v2\/media\/15728"}],"wp:attachment":[{"href":"https:\/\/prefeitura.santarosa.rs.gov.br\/index.php?rest_route=%2Fwp%2Fv2%2Fmedia&parent=15725"}],"wp:term":[{"taxonomy":"category","embeddable":true,"href":"https:\/\/prefeitura.santarosa.rs.gov.br\/index.php?rest_route=%2Fwp%2Fv2%2Fcategories&post=15725"},{"taxonomy":"post_tag","embeddable":true,"href":"https:\/\/prefeitura.santarosa.rs.gov.br\/index.php?rest_route=%2Fwp%2Fv2%2Ftags&post=15725"}],"curies":[{"name":"wp","href":"https:\/\/api.w.org\/{rel}","templated":true}]}}