{"id":15720,"date":"2025-12-10T10:38:03","date_gmt":"2025-12-10T13:38:03","guid":{"rendered":"https:\/\/prefeitura.santarosa.rs.gov.br\/?p=15720"},"modified":"2025-12-10T10:38:25","modified_gmt":"2025-12-10T13:38:25","slug":"prefeitura-entrega-novos-epis-para-servidores","status":"publish","type":"post","link":"https:\/\/prefeitura.santarosa.rs.gov.br\/?p=15720","title":{"rendered":"Prefeitura entrega novos EPIs para servidores\u00a0"},"content":{"rendered":"\n<figure class=\"wp-block-image size-large\"><img fetchpriority=\"high\" decoding=\"async\" width=\"1024\" height=\"768\" src=\"https:\/\/prefeitura.santarosa.rs.gov.br\/wp-content\/uploads\/2025\/12\/WhatsApp-Image-2025-12-10-at-10.18.17-1024x768.jpeg\" alt=\"\" class=\"wp-image-15721\" srcset=\"https:\/\/prefeitura.santarosa.rs.gov.br\/wp-content\/uploads\/2025\/12\/WhatsApp-Image-2025-12-10-at-10.18.17-1024x768.jpeg 1024w, https:\/\/prefeitura.santarosa.rs.gov.br\/wp-content\/uploads\/2025\/12\/WhatsApp-Image-2025-12-10-at-10.18.17-300x225.jpeg 300w, https:\/\/prefeitura.santarosa.rs.gov.br\/wp-content\/uploads\/2025\/12\/WhatsApp-Image-2025-12-10-at-10.18.17-768x576.jpeg 768w, https:\/\/prefeitura.santarosa.rs.gov.br\/wp-content\/uploads\/2025\/12\/WhatsApp-Image-2025-12-10-at-10.18.17.jpeg 1280w\" sizes=\"(max-width: 1024px) 100vw, 1024px\" \/><\/figure>\n\n\n\n<p>A Prefeitura Municipal, por meio da Secretaria de Administra\u00e7\u00e3o e Fazenda e do setor de Seguran\u00e7a do Trabalho, realizou a entrega de Equipamentos de Prote\u00e7\u00e3o Individual (EPIs). Todos os servidores que atuam em atividades que exigem cuidados especiais com seguran\u00e7a em diversas secretarias da administra\u00e7\u00e3o municipal receberam o novo material. Participaram da entrega o vice-prefeito Aldemir Ulrich, o secret\u00e1rio de Administra\u00e7\u00e3o e Fazenda Maicon Zamboni, a diretora de Recursos Humanos Margueidi Cunegatto e o t\u00e9cnico em Seguran\u00e7a do Trabalho Acione Freitas.<\/p>\n\n\n\n<p>Os investimentos atendem as necessidades de todas as secretarias, cujas atividades desempenhadas pelos servidores exigem o uso de equipamentos de prote\u00e7\u00e3o est\u00e3o recebendo o novo material. Os EPIs s\u00e3o fornecidos conforme as exig\u00eancias das Normas Regulamentadoras (NRs) 06, 10 e 35, que tratam, respectivamente, do uso de Equipamentos de Prote\u00e7\u00e3o Individual, da seguran\u00e7a em servi\u00e7os com eletricidade e do trabalho em altura. O objetivo \u00e9 preservar a integridade f\u00edsica dos trabalhadores que atuam em \u00e1reas com risco el\u00e9trico, altura ou outras condi\u00e7\u00f5es perigosas.<\/p>\n\n\n\n<p>Segundo Secret\u00e1rio Maicon Zamboni, \u201cInvestir em seguran\u00e7a \u00e9 investir em qualidade de vida, refor\u00e7ando a prote\u00e7\u00e3o aos trabalhadores e a continuidade eficiente dos servi\u00e7os p\u00fablicos prestados \u00e0 popula\u00e7\u00e3o\u201d. Al\u00e9m da entrega dos equipamentos, os servidores participam regularmente de cursos de capacita\u00e7\u00e3o e reciclagens conforme as diretrizes legais. O objetivo \u00e9 a atualiza\u00e7\u00e3o constante sobre seguran\u00e7a e boas pr\u00e1ticas nas tarefas desempenhadas. Desde o in\u00edcio do ano, o investimento em EPIs j\u00e1 soma cerca de R$ 300 mil.<\/p>\n","protected":false},"excerpt":{"rendered":"<p>A Prefeitura Municipal, por meio da Secretaria de Administra\u00e7\u00e3o e Fazenda e do setor de Seguran\u00e7a do Trabalho, realizou a<\/p>\n","protected":false},"author":12,"featured_media":15722,"comment_status":"closed","ping_status":"closed","sticky":false,"template":"","format":"standard","meta":{"footnotes":""},"categories":[4,13],"tags":[],"class_list":["post-15720","post","type-post","status-publish","format-standard","has-post-thumbnail","hentry","category-noticias","category-secretaria-municipal-de-administracao-e-fazenda"],"aioseo_notices":[],"_links":{"self":[{"href":"https:\/\/prefeitura.santarosa.rs.gov.br\/index.php?rest_route=\/wp\/v2\/posts\/15720","targetHints":{"allow":["GET"]}}],"collection":[{"href":"https:\/\/prefeitura.santarosa.rs.gov.br\/index.php?rest_route=\/wp\/v2\/posts"}],"about":[{"href":"https:\/\/prefeitura.santarosa.rs.gov.br\/index.php?rest_route=\/wp\/v2\/types\/post"}],"author":[{"embeddable":true,"href":"https:\/\/prefeitura.santarosa.rs.gov.br\/index.php?rest_route=\/wp\/v2\/users\/12"}],"replies":[{"embeddable":true,"href":"https:\/\/prefeitura.santarosa.rs.gov.br\/index.php?rest_route=%2Fwp%2Fv2%2Fcomments&post=15720"}],"version-history":[{"count":1,"href":"https:\/\/prefeitura.santarosa.rs.gov.br\/index.php?rest_route=\/wp\/v2\/posts\/15720\/revisions"}],"predecessor-version":[{"id":15723,"href":"https:\/\/prefeitura.santarosa.rs.gov.br\/index.php?rest_route=\/wp\/v2\/posts\/15720\/revisions\/15723"}],"wp:featuredmedia":[{"embeddable":true,"href":"https:\/\/prefeitura.santarosa.rs.gov.br\/index.php?rest_route=\/wp\/v2\/media\/15722"}],"wp:attachment":[{"href":"https:\/\/prefeitura.santarosa.rs.gov.br\/index.php?rest_route=%2Fwp%2Fv2%2Fmedia&parent=15720"}],"wp:term":[{"taxonomy":"category","embeddable":true,"href":"https:\/\/prefeitura.santarosa.rs.gov.br\/index.php?rest_route=%2Fwp%2Fv2%2Fcategories&post=15720"},{"taxonomy":"post_tag","embeddable":true,"href":"https:\/\/prefeitura.santarosa.rs.gov.br\/index.php?rest_route=%2Fwp%2Fv2%2Ftags&post=15720"}],"curies":[{"name":"wp","href":"https:\/\/api.w.org\/{rel}","templated":true}]}}