{"id":15711,"date":"2025-12-10T08:24:26","date_gmt":"2025-12-10T11:24:26","guid":{"rendered":"https:\/\/prefeitura.santarosa.rs.gov.br\/?p=15711"},"modified":"2025-12-10T08:24:26","modified_gmt":"2025-12-10T11:24:26","slug":"prefeito-assina-ordem-de-servico-para-asfalto-na-rua-sao-leopoldo","status":"publish","type":"post","link":"https:\/\/prefeitura.santarosa.rs.gov.br\/?p=15711","title":{"rendered":"Prefeito assina ordem de servi\u00e7o para asfalto na Rua S\u00e3o Leopoldo"},"content":{"rendered":"\n<figure class=\"wp-block-image size-large\"><img fetchpriority=\"high\" decoding=\"async\" width=\"1024\" height=\"768\" src=\"https:\/\/prefeitura.santarosa.rs.gov.br\/wp-content\/uploads\/2025\/12\/WhatsApp-Image-2025-12-10-at-08.15.06-1024x768.jpeg\" alt=\"\" class=\"wp-image-15712\" srcset=\"https:\/\/prefeitura.santarosa.rs.gov.br\/wp-content\/uploads\/2025\/12\/WhatsApp-Image-2025-12-10-at-08.15.06-1024x768.jpeg 1024w, https:\/\/prefeitura.santarosa.rs.gov.br\/wp-content\/uploads\/2025\/12\/WhatsApp-Image-2025-12-10-at-08.15.06-300x225.jpeg 300w, https:\/\/prefeitura.santarosa.rs.gov.br\/wp-content\/uploads\/2025\/12\/WhatsApp-Image-2025-12-10-at-08.15.06-768x576.jpeg 768w, https:\/\/prefeitura.santarosa.rs.gov.br\/wp-content\/uploads\/2025\/12\/WhatsApp-Image-2025-12-10-at-08.15.06.jpeg 1280w\" sizes=\"(max-width: 1024px) 100vw, 1024px\" \/><\/figure>\n\n\n\n<p>O prefeito de Santa Rosa, Anderson Mantei, assinou a ordem de servi\u00e7o para a pavimenta\u00e7\u00e3o asf\u00e1ltica da Rua S\u00e3o Leopoldo. A obra&nbsp;ter\u00e1 investimento de R$ 553.747,94 e abranger\u00e1 um trecho de 422,72 metros, totalizando 4.162,38 m\u00b2 de \u00e1rea pavimentada.<\/p>\n\n\n\n<p>O projeto inclui execu\u00e7\u00e3o de sarjeta e meio-fio, rede de drenagem, remendos profundos, pavimenta\u00e7\u00e3o sobre cal\u00e7amento, rampas de acessibilidade, nivelamento de tampas da Corsan e sinaliza\u00e7\u00e3o horizontal e vertical.<\/p>\n\n\n\n<p>Segundo o prefeito, a obra trar\u00e1 benef\u00edcios diretos \u00e0 comunidade, \u201cEssa obra, assim como tantas outras que estamos fazendo, visa melhorar a mobilidade urbana, a seguran\u00e7a e a qualidade de vida dos moradores&#8221;.<\/p>\n","protected":false},"excerpt":{"rendered":"<p>O prefeito de Santa Rosa, Anderson Mantei, assinou a ordem de servi\u00e7o para a pavimenta\u00e7\u00e3o asf\u00e1ltica da Rua S\u00e3o Leopoldo.<\/p>\n","protected":false},"author":12,"featured_media":15713,"comment_status":"closed","ping_status":"open","sticky":false,"template":"","format":"standard","meta":{"footnotes":""},"categories":[4,22],"tags":[],"class_list":["post-15711","post","type-post","status-publish","format-standard","has-post-thumbnail","hentry","category-noticias","category-secretaria-municipal-de-planejamento-e-habitacao"],"aioseo_notices":[],"_links":{"self":[{"href":"https:\/\/prefeitura.santarosa.rs.gov.br\/index.php?rest_route=\/wp\/v2\/posts\/15711","targetHints":{"allow":["GET"]}}],"collection":[{"href":"https:\/\/prefeitura.santarosa.rs.gov.br\/index.php?rest_route=\/wp\/v2\/posts"}],"about":[{"href":"https:\/\/prefeitura.santarosa.rs.gov.br\/index.php?rest_route=\/wp\/v2\/types\/post"}],"author":[{"embeddable":true,"href":"https:\/\/prefeitura.santarosa.rs.gov.br\/index.php?rest_route=\/wp\/v2\/users\/12"}],"replies":[{"embeddable":true,"href":"https:\/\/prefeitura.santarosa.rs.gov.br\/index.php?rest_route=%2Fwp%2Fv2%2Fcomments&post=15711"}],"version-history":[{"count":1,"href":"https:\/\/prefeitura.santarosa.rs.gov.br\/index.php?rest_route=\/wp\/v2\/posts\/15711\/revisions"}],"predecessor-version":[{"id":15714,"href":"https:\/\/prefeitura.santarosa.rs.gov.br\/index.php?rest_route=\/wp\/v2\/posts\/15711\/revisions\/15714"}],"wp:featuredmedia":[{"embeddable":true,"href":"https:\/\/prefeitura.santarosa.rs.gov.br\/index.php?rest_route=\/wp\/v2\/media\/15713"}],"wp:attachment":[{"href":"https:\/\/prefeitura.santarosa.rs.gov.br\/index.php?rest_route=%2Fwp%2Fv2%2Fmedia&parent=15711"}],"wp:term":[{"taxonomy":"category","embeddable":true,"href":"https:\/\/prefeitura.santarosa.rs.gov.br\/index.php?rest_route=%2Fwp%2Fv2%2Fcategories&post=15711"},{"taxonomy":"post_tag","embeddable":true,"href":"https:\/\/prefeitura.santarosa.rs.gov.br\/index.php?rest_route=%2Fwp%2Fv2%2Ftags&post=15711"}],"curies":[{"name":"wp","href":"https:\/\/api.w.org\/{rel}","templated":true}]}}