{"id":15706,"date":"2025-12-09T16:51:17","date_gmt":"2025-12-09T19:51:17","guid":{"rendered":"https:\/\/prefeitura.santarosa.rs.gov.br\/?p=15706"},"modified":"2025-12-09T16:51:18","modified_gmt":"2025-12-09T19:51:18","slug":"sistema-de-gps-e-monitoramento-para-frota","status":"publish","type":"post","link":"https:\/\/prefeitura.santarosa.rs.gov.br\/?p=15706","title":{"rendered":"Sistema de GPS e monitoramento para frota"},"content":{"rendered":"\n<figure class=\"wp-block-image size-large\"><img fetchpriority=\"high\" decoding=\"async\" width=\"1024\" height=\"768\" src=\"https:\/\/prefeitura.santarosa.rs.gov.br\/wp-content\/uploads\/2025\/12\/WhatsApp-Image-2025-12-09-at-16.28.34-1024x768.jpeg\" alt=\"\" class=\"wp-image-15707\" srcset=\"https:\/\/prefeitura.santarosa.rs.gov.br\/wp-content\/uploads\/2025\/12\/WhatsApp-Image-2025-12-09-at-16.28.34-1024x768.jpeg 1024w, https:\/\/prefeitura.santarosa.rs.gov.br\/wp-content\/uploads\/2025\/12\/WhatsApp-Image-2025-12-09-at-16.28.34-300x225.jpeg 300w, https:\/\/prefeitura.santarosa.rs.gov.br\/wp-content\/uploads\/2025\/12\/WhatsApp-Image-2025-12-09-at-16.28.34-768x576.jpeg 768w, https:\/\/prefeitura.santarosa.rs.gov.br\/wp-content\/uploads\/2025\/12\/WhatsApp-Image-2025-12-09-at-16.28.34-1536x1152.jpeg 1536w, https:\/\/prefeitura.santarosa.rs.gov.br\/wp-content\/uploads\/2025\/12\/WhatsApp-Image-2025-12-09-at-16.28.34.jpeg 1600w\" sizes=\"(max-width: 1024px) 100vw, 1024px\" \/><\/figure>\n\n\n\n<p>Mais uma novidade que qualifica a transpar\u00eancia do servi\u00e7o p\u00fablico de Santa Rosa. A empresa que foi contratada para o monitoramento da frota de v\u00e1rias secretarias est\u00e1 instalando os equipamentos. A Secretaria de Obras, Agricultura, Servi\u00e7o Social e Meio Ambiente agora passam a ter os ve\u00edculos com identifica\u00e7\u00e3o.<\/p>\n\n\n\n<p>A partir de agora, a empresa que venceu a licita\u00e7\u00e3o est\u00e1 finalizando a instala\u00e7\u00e3o dos equipamentos para o monitoramento em tempo real da frota. \u00c9 poss\u00edvel analisar o deslocamento, a velocidade, quando o ve\u00edculo para, e tamb\u00e9m, todo o cercamento onde o ve\u00edculo transita. Al\u00e9m disso, a empresa apresenta relat\u00f3rio de opera\u00e7\u00e3o de todos os ve\u00edculos e consumo de combust\u00edvel, \u201cAgora, em tempo real conseguimos acompanhar todos os pontos em que estamos com equipes atuando. Dessa forma temos um melhor controle da frota, e tamb\u00e9m ainda mais transpar\u00eancia em nosso servi\u00e7o prestado \u00e0 comunidade\u201d, destacou Secret\u00e1rio de Obras, Valtair Dorneles. A trajeto percorrido, com pontua\u00e7\u00e3o do local, a cada 7 segundos, \u00e9 registrado no mapa que tamb\u00e9m apresenta mais detalhes sobre o servi\u00e7o.<\/p>\n","protected":false},"excerpt":{"rendered":"<p>Mais uma novidade que qualifica a transpar\u00eancia do servi\u00e7o p\u00fablico de Santa Rosa. A empresa que foi contratada para o<\/p>\n","protected":false},"author":12,"featured_media":15708,"comment_status":"closed","ping_status":"closed","sticky":false,"template":"","format":"standard","meta":{"footnotes":""},"categories":[4,21],"tags":[],"class_list":["post-15706","post","type-post","status-publish","format-standard","has-post-thumbnail","hentry","category-noticias","category-secretaria-municipal-de-obras"],"aioseo_notices":[],"_links":{"self":[{"href":"https:\/\/prefeitura.santarosa.rs.gov.br\/index.php?rest_route=\/wp\/v2\/posts\/15706","targetHints":{"allow":["GET"]}}],"collection":[{"href":"https:\/\/prefeitura.santarosa.rs.gov.br\/index.php?rest_route=\/wp\/v2\/posts"}],"about":[{"href":"https:\/\/prefeitura.santarosa.rs.gov.br\/index.php?rest_route=\/wp\/v2\/types\/post"}],"author":[{"embeddable":true,"href":"https:\/\/prefeitura.santarosa.rs.gov.br\/index.php?rest_route=\/wp\/v2\/users\/12"}],"replies":[{"embeddable":true,"href":"https:\/\/prefeitura.santarosa.rs.gov.br\/index.php?rest_route=%2Fwp%2Fv2%2Fcomments&post=15706"}],"version-history":[{"count":1,"href":"https:\/\/prefeitura.santarosa.rs.gov.br\/index.php?rest_route=\/wp\/v2\/posts\/15706\/revisions"}],"predecessor-version":[{"id":15709,"href":"https:\/\/prefeitura.santarosa.rs.gov.br\/index.php?rest_route=\/wp\/v2\/posts\/15706\/revisions\/15709"}],"wp:featuredmedia":[{"embeddable":true,"href":"https:\/\/prefeitura.santarosa.rs.gov.br\/index.php?rest_route=\/wp\/v2\/media\/15708"}],"wp:attachment":[{"href":"https:\/\/prefeitura.santarosa.rs.gov.br\/index.php?rest_route=%2Fwp%2Fv2%2Fmedia&parent=15706"}],"wp:term":[{"taxonomy":"category","embeddable":true,"href":"https:\/\/prefeitura.santarosa.rs.gov.br\/index.php?rest_route=%2Fwp%2Fv2%2Fcategories&post=15706"},{"taxonomy":"post_tag","embeddable":true,"href":"https:\/\/prefeitura.santarosa.rs.gov.br\/index.php?rest_route=%2Fwp%2Fv2%2Ftags&post=15706"}],"curies":[{"name":"wp","href":"https:\/\/api.w.org\/{rel}","templated":true}]}}