{"id":15698,"date":"2025-12-09T13:29:50","date_gmt":"2025-12-09T16:29:50","guid":{"rendered":"https:\/\/prefeitura.santarosa.rs.gov.br\/?p=15698"},"modified":"2025-12-09T13:29:51","modified_gmt":"2025-12-09T16:29:51","slug":"deolmira-gay-girardi-assume-secretaria-municipal-de-desenvolvimento-social-de-santa-rosa","status":"publish","type":"post","link":"https:\/\/prefeitura.santarosa.rs.gov.br\/?p=15698","title":{"rendered":"Deolmira Gay Girardi assume Secretaria Municipal de Desenvolvimento Social de Santa Rosa"},"content":{"rendered":"\n<figure class=\"wp-block-image size-large\"><img fetchpriority=\"high\" decoding=\"async\" width=\"1024\" height=\"768\" src=\"https:\/\/prefeitura.santarosa.rs.gov.br\/wp-content\/uploads\/2025\/12\/WhatsApp-Image-2025-12-09-at-11.14.22-1024x768.jpeg\" alt=\"\" class=\"wp-image-15699\" srcset=\"https:\/\/prefeitura.santarosa.rs.gov.br\/wp-content\/uploads\/2025\/12\/WhatsApp-Image-2025-12-09-at-11.14.22-1024x768.jpeg 1024w, https:\/\/prefeitura.santarosa.rs.gov.br\/wp-content\/uploads\/2025\/12\/WhatsApp-Image-2025-12-09-at-11.14.22-300x225.jpeg 300w, https:\/\/prefeitura.santarosa.rs.gov.br\/wp-content\/uploads\/2025\/12\/WhatsApp-Image-2025-12-09-at-11.14.22-768x576.jpeg 768w, https:\/\/prefeitura.santarosa.rs.gov.br\/wp-content\/uploads\/2025\/12\/WhatsApp-Image-2025-12-09-at-11.14.22.jpeg 1280w\" sizes=\"(max-width: 1024px) 100vw, 1024px\" \/><\/figure>\n\n\n\n<p>A professora e mestre em Servi\u00e7o Social pela FEEVALE, Deolmira Gay Girardi, assume oficialmente a Secretaria Municipal de Desenvolvimento Social do munic\u00edpio de Santa Rosa, passando a integrar a equipe administrativa do Poder Executivo Municipal.<\/p>\n\n\n\n<p>Para assumir a nova fun\u00e7\u00e3o, Deolmira deixa a diretoria dos Parceiros Volunt\u00e1rios da ACISAP, a diretoria da APROMES e a presid\u00eancia do Conselho Municipal de Assist\u00eancia Social (CMAS), cargos nos quais atuou com reconhecida dedica\u00e7\u00e3o e compromisso com as causas sociais e comunit\u00e1rias.<\/p>\n\n\n\n<p>Com ampla experi\u00eancia na \u00e1rea social e forte atua\u00e7\u00e3o junto \u00e0s entidades do munic\u00edpio, Deolmira retorna \u00e0 administra\u00e7\u00e3o p\u00fablica com o prop\u00f3sito de contribuir, mais uma vez, para o desenvolvimento social de Santa Rosa, refor\u00e7ando o trabalho voltado \u00e0s pol\u00edticas p\u00fablicas, \u00e0 inclus\u00e3o e ao fortalecimento das a\u00e7\u00f5es sociais.<\/p>\n\n\n\n<p><\/p>\n","protected":false},"excerpt":{"rendered":"<p>A professora e mestre em Servi\u00e7o Social pela FEEVALE, Deolmira Gay Girardi, assume oficialmente a Secretaria Municipal de Desenvolvimento Social<\/p>\n","protected":false},"author":12,"featured_media":15700,"comment_status":"closed","ping_status":"closed","sticky":false,"template":"","format":"standard","meta":{"footnotes":""},"categories":[4,17],"tags":[],"class_list":["post-15698","post","type-post","status-publish","format-standard","has-post-thumbnail","hentry","category-noticias","category-secretaria-municipal-de-desenvolvimento-social"],"aioseo_notices":[],"_links":{"self":[{"href":"https:\/\/prefeitura.santarosa.rs.gov.br\/index.php?rest_route=\/wp\/v2\/posts\/15698","targetHints":{"allow":["GET"]}}],"collection":[{"href":"https:\/\/prefeitura.santarosa.rs.gov.br\/index.php?rest_route=\/wp\/v2\/posts"}],"about":[{"href":"https:\/\/prefeitura.santarosa.rs.gov.br\/index.php?rest_route=\/wp\/v2\/types\/post"}],"author":[{"embeddable":true,"href":"https:\/\/prefeitura.santarosa.rs.gov.br\/index.php?rest_route=\/wp\/v2\/users\/12"}],"replies":[{"embeddable":true,"href":"https:\/\/prefeitura.santarosa.rs.gov.br\/index.php?rest_route=%2Fwp%2Fv2%2Fcomments&post=15698"}],"version-history":[{"count":1,"href":"https:\/\/prefeitura.santarosa.rs.gov.br\/index.php?rest_route=\/wp\/v2\/posts\/15698\/revisions"}],"predecessor-version":[{"id":15701,"href":"https:\/\/prefeitura.santarosa.rs.gov.br\/index.php?rest_route=\/wp\/v2\/posts\/15698\/revisions\/15701"}],"wp:featuredmedia":[{"embeddable":true,"href":"https:\/\/prefeitura.santarosa.rs.gov.br\/index.php?rest_route=\/wp\/v2\/media\/15700"}],"wp:attachment":[{"href":"https:\/\/prefeitura.santarosa.rs.gov.br\/index.php?rest_route=%2Fwp%2Fv2%2Fmedia&parent=15698"}],"wp:term":[{"taxonomy":"category","embeddable":true,"href":"https:\/\/prefeitura.santarosa.rs.gov.br\/index.php?rest_route=%2Fwp%2Fv2%2Fcategories&post=15698"},{"taxonomy":"post_tag","embeddable":true,"href":"https:\/\/prefeitura.santarosa.rs.gov.br\/index.php?rest_route=%2Fwp%2Fv2%2Ftags&post=15698"}],"curies":[{"name":"wp","href":"https:\/\/api.w.org\/{rel}","templated":true}]}}