{"id":15693,"date":"2025-12-08T10:44:15","date_gmt":"2025-12-08T13:44:15","guid":{"rendered":"https:\/\/prefeitura.santarosa.rs.gov.br\/?p=15693"},"modified":"2025-12-09T10:12:39","modified_gmt":"2025-12-09T13:12:39","slug":"culto-e-musica-gospel-marcam-o-acender-das-luzes-em-santa-rosa","status":"publish","type":"post","link":"https:\/\/prefeitura.santarosa.rs.gov.br\/?p=15693","title":{"rendered":"Culto e M\u00fasica Gospel marcam o Acender das Luzes em Santa Rosa"},"content":{"rendered":"\n<figure class=\"wp-block-image size-large\"><img fetchpriority=\"high\" decoding=\"async\" width=\"1024\" height=\"576\" src=\"https:\/\/prefeitura.santarosa.rs.gov.br\/wp-content\/uploads\/2025\/12\/WhatsApp-Image-2025-12-08-at-10.39.18-1024x576.jpeg\" alt=\"\" class=\"wp-image-15694\" srcset=\"https:\/\/prefeitura.santarosa.rs.gov.br\/wp-content\/uploads\/2025\/12\/WhatsApp-Image-2025-12-08-at-10.39.18-1024x576.jpeg 1024w, https:\/\/prefeitura.santarosa.rs.gov.br\/wp-content\/uploads\/2025\/12\/WhatsApp-Image-2025-12-08-at-10.39.18-300x169.jpeg 300w, https:\/\/prefeitura.santarosa.rs.gov.br\/wp-content\/uploads\/2025\/12\/WhatsApp-Image-2025-12-08-at-10.39.18-768x432.jpeg 768w, https:\/\/prefeitura.santarosa.rs.gov.br\/wp-content\/uploads\/2025\/12\/WhatsApp-Image-2025-12-08-at-10.39.18.jpeg 1280w\" sizes=\"(max-width: 1024px) 100vw, 1024px\" \/><\/figure>\n\n\n\n<p>A noite de s\u00e1bado foi mais que especial na cidade. A comunidade se reuniu em frente do Centro Cultural para acompanhar uma intensa programa\u00e7\u00e3o. Representantes de diversas igrejas realizaram um Culto Ecum\u00eanico que teve como destaque agradecimento ao ano que passou e tamb\u00e9m por ben\u00e7\u00e3os para 2026.<br>Representantes do com\u00e9rcio, da C\u00e2mara de Vereadores e das For\u00e7as de Seguran\u00e7a tamb\u00e9m estiveram presentes. O Pastor Rafael Eckhardt, conduziu uma ben\u00e7\u00e3o tamb\u00e9m para o Prefeito Anderson, para prote\u00e7\u00e3o das lideran\u00e7as do munic\u00edpio e de toda a cidade.<br>O Prefeito destacou o quanto \u00e9 importante ter momentos como esse, \u201cEsse dia \u00e9 muito diferenciado para nossa cidade, pois temos aqui a presen\u00e7a da comunidade rezando pela nossa Santa Rosa\u201d. Na sequ\u00eancia o prefeito apertou o bot\u00e3o para o acender das luzes de decora\u00e7\u00e3o, dando in\u00edcio \u00e0s comemora\u00e7\u00f5es natalinas. Ap\u00f3s, a Banda Opus Dei marcou a 13\u00aa edi\u00e7\u00e3o do Dia da M\u00fasica Gospel.<br>A programa\u00e7\u00e3o segue com a Aprhofest, nesse fim de semana, no Mercado P\u00fablico. E com o com\u00e9rcio aberto na sexta-feira(12), at\u00e9 \u00e0s 20h, no s\u00e1bado at\u00e9 \u00e0s 17h e no domingo das 17h \u00e0s 21h. A chegada do Papai Noel vai acontecer na segunda-feira(15), no Largo do Parc\u00e3o a partir das 19h. Depois vai ser realizada uma apresenta\u00e7\u00e3o do GEMP.<\/p>\n\n\n\n<p><\/p>\n","protected":false},"excerpt":{"rendered":"<p>A noite de s\u00e1bado foi mais que especial na cidade. A comunidade se reuniu em frente do Centro Cultural para<\/p>\n","protected":false},"author":12,"featured_media":15695,"comment_status":"closed","ping_status":"closed","sticky":false,"template":"","format":"standard","meta":{"footnotes":""},"categories":[4,18],"tags":[],"class_list":["post-15693","post","type-post","status-publish","format-standard","has-post-thumbnail","hentry","category-noticias","category-secretaria-municipal-de-educacao-e-cultura"],"aioseo_notices":[],"_links":{"self":[{"href":"https:\/\/prefeitura.santarosa.rs.gov.br\/index.php?rest_route=\/wp\/v2\/posts\/15693","targetHints":{"allow":["GET"]}}],"collection":[{"href":"https:\/\/prefeitura.santarosa.rs.gov.br\/index.php?rest_route=\/wp\/v2\/posts"}],"about":[{"href":"https:\/\/prefeitura.santarosa.rs.gov.br\/index.php?rest_route=\/wp\/v2\/types\/post"}],"author":[{"embeddable":true,"href":"https:\/\/prefeitura.santarosa.rs.gov.br\/index.php?rest_route=\/wp\/v2\/users\/12"}],"replies":[{"embeddable":true,"href":"https:\/\/prefeitura.santarosa.rs.gov.br\/index.php?rest_route=%2Fwp%2Fv2%2Fcomments&post=15693"}],"version-history":[{"count":2,"href":"https:\/\/prefeitura.santarosa.rs.gov.br\/index.php?rest_route=\/wp\/v2\/posts\/15693\/revisions"}],"predecessor-version":[{"id":15697,"href":"https:\/\/prefeitura.santarosa.rs.gov.br\/index.php?rest_route=\/wp\/v2\/posts\/15693\/revisions\/15697"}],"wp:featuredmedia":[{"embeddable":true,"href":"https:\/\/prefeitura.santarosa.rs.gov.br\/index.php?rest_route=\/wp\/v2\/media\/15695"}],"wp:attachment":[{"href":"https:\/\/prefeitura.santarosa.rs.gov.br\/index.php?rest_route=%2Fwp%2Fv2%2Fmedia&parent=15693"}],"wp:term":[{"taxonomy":"category","embeddable":true,"href":"https:\/\/prefeitura.santarosa.rs.gov.br\/index.php?rest_route=%2Fwp%2Fv2%2Fcategories&post=15693"},{"taxonomy":"post_tag","embeddable":true,"href":"https:\/\/prefeitura.santarosa.rs.gov.br\/index.php?rest_route=%2Fwp%2Fv2%2Ftags&post=15693"}],"curies":[{"name":"wp","href":"https:\/\/api.w.org\/{rel}","templated":true}]}}