{"id":15685,"date":"2025-12-08T09:19:12","date_gmt":"2025-12-08T12:19:12","guid":{"rendered":"https:\/\/prefeitura.santarosa.rs.gov.br\/?p=15685"},"modified":"2025-12-08T09:19:43","modified_gmt":"2025-12-08T12:19:43","slug":"santa-rosa-finaliza-calendario-do-campeonato-municipal-de-futebol-de-campo","status":"publish","type":"post","link":"https:\/\/prefeitura.santarosa.rs.gov.br\/?p=15685","title":{"rendered":"Santa Rosa Finaliza Calend\u00e1rio do Campeonato Municipal de Futebol de Campo"},"content":{"rendered":"\n<figure class=\"wp-block-image size-large\"><img fetchpriority=\"high\" decoding=\"async\" width=\"1024\" height=\"768\" src=\"https:\/\/prefeitura.santarosa.rs.gov.br\/wp-content\/uploads\/2025\/12\/WhatsApp-Image-2025-12-08-at-09.12.37-2-1024x768.jpeg\" alt=\"\" class=\"wp-image-15689\" srcset=\"https:\/\/prefeitura.santarosa.rs.gov.br\/wp-content\/uploads\/2025\/12\/WhatsApp-Image-2025-12-08-at-09.12.37-2-1024x768.jpeg 1024w, https:\/\/prefeitura.santarosa.rs.gov.br\/wp-content\/uploads\/2025\/12\/WhatsApp-Image-2025-12-08-at-09.12.37-2-300x225.jpeg 300w, https:\/\/prefeitura.santarosa.rs.gov.br\/wp-content\/uploads\/2025\/12\/WhatsApp-Image-2025-12-08-at-09.12.37-2-768x576.jpeg 768w, https:\/\/prefeitura.santarosa.rs.gov.br\/wp-content\/uploads\/2025\/12\/WhatsApp-Image-2025-12-08-at-09.12.37-2.jpeg 1280w\" sizes=\"(max-width: 1024px) 100vw, 1024px\" \/><\/figure>\n\n\n\n<p>No s\u00e1bado(06), o Est\u00e1dio Carlos Denardin foi palco das finais das categorias S\u00eanior e Veterano do Campeonato Municipal de Futebol de Campo. A competi\u00e7\u00e3o, que teve in\u00edcio no dia 18 de outubro, contou com a participa\u00e7\u00e3o de 14 equipes e culminou em grandes jogos no \u00faltimo final de semana.<\/p>\n\n\n\n<p>Na categoria Veterano, a equipe do Atl\u00e9tico 1 sagrou-se campe\u00e3, sem perder nenhum jogo durante a competi\u00e7\u00e3o. O vice-campe\u00e3o foi a equipe do Palmeiras da Gl\u00f3ria, que retornou \u00e0s competi\u00e7\u00f5es de futebol de campo. O terceiro lugar ficou com o Atl\u00e9tico 2. O atleta Murilo, da equipe do Atl\u00e9tico, foi premiado como a defesa menos vazada, enquanto F\u00e1bio Seger e Costinha, ambos do Atl\u00e9tico, foram reconhecidos como artilheiro e craque da final, respectivamente.<\/p>\n\n\n\n<p>Na categoria S\u00eanior, o t\u00edtulo foi conquistado pela equipe Os Boleiros, que venceu a grande final contra o Atl\u00e9tico, que ficou com o vice-campeonato. O terceiro colocado foi o Bangu. Roberto, da equipe Os Boleiros, teve a defesa menos vazada, e Zenir, do Atl\u00e9tico, foi o artilheiro da competi\u00e7\u00e3o com 10 gols. Com o fim da competi\u00e7\u00e3o, a Secretaria de Esporte encerra o calend\u00e1rio do futebol de campo, que abrangeu atividades de mar\u00e7o a dezembro, envolvendo 07 categorias e mais de 1500 atletas ao longo do ano, promovendo a participa\u00e7\u00e3o de jogadores de 14 a 70 anos.<\/p>\n","protected":false},"excerpt":{"rendered":"<p>No s\u00e1bado(06), o Est\u00e1dio Carlos Denardin foi palco das finais das categorias S\u00eanior e Veterano do Campeonato Municipal de Futebol<\/p>\n","protected":false},"author":12,"featured_media":15687,"comment_status":"closed","ping_status":"closed","sticky":false,"template":"","format":"standard","meta":{"footnotes":""},"categories":[4,19],"tags":[],"class_list":["post-15685","post","type-post","status-publish","format-standard","has-post-thumbnail","hentry","category-noticias","category-secretaria-municipal-de-esporte"],"aioseo_notices":[],"_links":{"self":[{"href":"https:\/\/prefeitura.santarosa.rs.gov.br\/index.php?rest_route=\/wp\/v2\/posts\/15685","targetHints":{"allow":["GET"]}}],"collection":[{"href":"https:\/\/prefeitura.santarosa.rs.gov.br\/index.php?rest_route=\/wp\/v2\/posts"}],"about":[{"href":"https:\/\/prefeitura.santarosa.rs.gov.br\/index.php?rest_route=\/wp\/v2\/types\/post"}],"author":[{"embeddable":true,"href":"https:\/\/prefeitura.santarosa.rs.gov.br\/index.php?rest_route=\/wp\/v2\/users\/12"}],"replies":[{"embeddable":true,"href":"https:\/\/prefeitura.santarosa.rs.gov.br\/index.php?rest_route=%2Fwp%2Fv2%2Fcomments&post=15685"}],"version-history":[{"count":2,"href":"https:\/\/prefeitura.santarosa.rs.gov.br\/index.php?rest_route=\/wp\/v2\/posts\/15685\/revisions"}],"predecessor-version":[{"id":15690,"href":"https:\/\/prefeitura.santarosa.rs.gov.br\/index.php?rest_route=\/wp\/v2\/posts\/15685\/revisions\/15690"}],"wp:featuredmedia":[{"embeddable":true,"href":"https:\/\/prefeitura.santarosa.rs.gov.br\/index.php?rest_route=\/wp\/v2\/media\/15687"}],"wp:attachment":[{"href":"https:\/\/prefeitura.santarosa.rs.gov.br\/index.php?rest_route=%2Fwp%2Fv2%2Fmedia&parent=15685"}],"wp:term":[{"taxonomy":"category","embeddable":true,"href":"https:\/\/prefeitura.santarosa.rs.gov.br\/index.php?rest_route=%2Fwp%2Fv2%2Fcategories&post=15685"},{"taxonomy":"post_tag","embeddable":true,"href":"https:\/\/prefeitura.santarosa.rs.gov.br\/index.php?rest_route=%2Fwp%2Fv2%2Ftags&post=15685"}],"curies":[{"name":"wp","href":"https:\/\/api.w.org\/{rel}","templated":true}]}}