{"id":15674,"date":"2025-12-04T16:25:23","date_gmt":"2025-12-04T19:25:23","guid":{"rendered":"https:\/\/prefeitura.santarosa.rs.gov.br\/?p=15674"},"modified":"2025-12-04T16:25:24","modified_gmt":"2025-12-04T19:25:24","slug":"estrutura-do-ginasio-municipal-em-andamento","status":"publish","type":"post","link":"https:\/\/prefeitura.santarosa.rs.gov.br\/?p=15674","title":{"rendered":"Estrutura do Gin\u00e1sio Municipal em andamento\u00a0"},"content":{"rendered":"\n<figure class=\"wp-block-image size-large\"><img fetchpriority=\"high\" decoding=\"async\" width=\"1024\" height=\"768\" src=\"https:\/\/prefeitura.santarosa.rs.gov.br\/wp-content\/uploads\/2025\/12\/WhatsApp-Image-2025-12-04-at-15.51.41-1024x768.jpeg\" alt=\"\" class=\"wp-image-15675\" srcset=\"https:\/\/prefeitura.santarosa.rs.gov.br\/wp-content\/uploads\/2025\/12\/WhatsApp-Image-2025-12-04-at-15.51.41-1024x768.jpeg 1024w, https:\/\/prefeitura.santarosa.rs.gov.br\/wp-content\/uploads\/2025\/12\/WhatsApp-Image-2025-12-04-at-15.51.41-300x225.jpeg 300w, https:\/\/prefeitura.santarosa.rs.gov.br\/wp-content\/uploads\/2025\/12\/WhatsApp-Image-2025-12-04-at-15.51.41-768x576.jpeg 768w, https:\/\/prefeitura.santarosa.rs.gov.br\/wp-content\/uploads\/2025\/12\/WhatsApp-Image-2025-12-04-at-15.51.41.jpeg 1280w\" sizes=\"(max-width: 1024px) 100vw, 1024px\" \/><\/figure>\n\n\n\n<p>Quem passa pela Avenida Am\u00e9rica j\u00e1 consegue visualizar a estrutura do novo Gin\u00e1sio Municipal, que avan\u00e7a para uma nova fase de execu\u00e7\u00e3o. O servi\u00e7o de funda\u00e7\u00f5es foi totalmente conclu\u00eddo, possibilitando o in\u00edcio da montagem das estruturas em concreto pr\u00e9-fabricado.<\/p>\n\n\n\n<p>Essa etapa compreende a instala\u00e7\u00e3o de pilares, vigas e demais componentes estruturais. O prazo estimado \u00e9 de 60 dias para conclus\u00e3o. Com o encerramento desta fase, a obra deve atingir cerca de 35% de execu\u00e7\u00e3o, considerando os atuais 18% j\u00e1 conclu\u00eddos. Na sequ\u00eancia, ter\u00e1 in\u00edcio a instala\u00e7\u00e3o das estruturas met\u00e1licas e das coberturas, que j\u00e1 est\u00e3o em fabrica\u00e7\u00e3o e ser\u00e3o montadas logo ap\u00f3s a conclus\u00e3o do pr\u00e9-fabricado. O vice-prefeito Aldemir Ulrich, destaca que essa ser\u00e1 uma obra que vai fazer a diferen\u00e7a, \u201cEssa obra ser\u00e1 um marco para nosso desenvolvimento, vamos entrar no cen\u00e1rio nacional para jogos e atividades\u201d.&nbsp;<\/p>\n\n\n\n<p>O novo Gin\u00e1sio Municipal ter\u00e1 capacidade para mais de 4 mil pessoas, sendo 2.100 lugares sentados. O local contar\u00e1 com quadra nos padr\u00f5es oficiais para competi\u00e7\u00f5es esportivas, palco para shows e eventos, sala de imprensa, vesti\u00e1rios, sanit\u00e1rios, estacionamento, ilumina\u00e7\u00e3o moderna e lanchonete\/bar. O investimento total no projeto \u00e9 superior a R$ 19,3 milh\u00f5es, com recursos pr\u00f3prios do munic\u00edpio. A previs\u00e3o de entrega segue mantida para julho de 2026, quando o munic\u00edpio passar\u00e1 a contar com um dos maiores e mais modernos espa\u00e7os esportivos e culturais da regi\u00e3o.<\/p>\n","protected":false},"excerpt":{"rendered":"<p>Quem passa pela Avenida Am\u00e9rica j\u00e1 consegue visualizar a estrutura do novo Gin\u00e1sio Municipal, que avan\u00e7a para uma nova fase<\/p>\n","protected":false},"author":12,"featured_media":15676,"comment_status":"closed","ping_status":"closed","sticky":false,"template":"","format":"standard","meta":{"footnotes":""},"categories":[4,22],"tags":[],"class_list":["post-15674","post","type-post","status-publish","format-standard","has-post-thumbnail","hentry","category-noticias","category-secretaria-municipal-de-planejamento-e-habitacao"],"aioseo_notices":[],"_links":{"self":[{"href":"https:\/\/prefeitura.santarosa.rs.gov.br\/index.php?rest_route=\/wp\/v2\/posts\/15674","targetHints":{"allow":["GET"]}}],"collection":[{"href":"https:\/\/prefeitura.santarosa.rs.gov.br\/index.php?rest_route=\/wp\/v2\/posts"}],"about":[{"href":"https:\/\/prefeitura.santarosa.rs.gov.br\/index.php?rest_route=\/wp\/v2\/types\/post"}],"author":[{"embeddable":true,"href":"https:\/\/prefeitura.santarosa.rs.gov.br\/index.php?rest_route=\/wp\/v2\/users\/12"}],"replies":[{"embeddable":true,"href":"https:\/\/prefeitura.santarosa.rs.gov.br\/index.php?rest_route=%2Fwp%2Fv2%2Fcomments&post=15674"}],"version-history":[{"count":1,"href":"https:\/\/prefeitura.santarosa.rs.gov.br\/index.php?rest_route=\/wp\/v2\/posts\/15674\/revisions"}],"predecessor-version":[{"id":15677,"href":"https:\/\/prefeitura.santarosa.rs.gov.br\/index.php?rest_route=\/wp\/v2\/posts\/15674\/revisions\/15677"}],"wp:featuredmedia":[{"embeddable":true,"href":"https:\/\/prefeitura.santarosa.rs.gov.br\/index.php?rest_route=\/wp\/v2\/media\/15676"}],"wp:attachment":[{"href":"https:\/\/prefeitura.santarosa.rs.gov.br\/index.php?rest_route=%2Fwp%2Fv2%2Fmedia&parent=15674"}],"wp:term":[{"taxonomy":"category","embeddable":true,"href":"https:\/\/prefeitura.santarosa.rs.gov.br\/index.php?rest_route=%2Fwp%2Fv2%2Fcategories&post=15674"},{"taxonomy":"post_tag","embeddable":true,"href":"https:\/\/prefeitura.santarosa.rs.gov.br\/index.php?rest_route=%2Fwp%2Fv2%2Ftags&post=15674"}],"curies":[{"name":"wp","href":"https:\/\/api.w.org\/{rel}","templated":true}]}}