{"id":15670,"date":"2025-12-04T10:50:40","date_gmt":"2025-12-04T13:50:40","guid":{"rendered":"https:\/\/prefeitura.santarosa.rs.gov.br\/?p=15670"},"modified":"2025-12-04T10:50:41","modified_gmt":"2025-12-04T13:50:41","slug":"santa-rosa-e-referencia-para-regiao-missioneira","status":"publish","type":"post","link":"https:\/\/prefeitura.santarosa.rs.gov.br\/?p=15670","title":{"rendered":"Santa Rosa \u00e9 refer\u00eancia para regi\u00e3o Missioneira\u00a0"},"content":{"rendered":"\n<figure class=\"wp-block-image size-large\"><img fetchpriority=\"high\" decoding=\"async\" width=\"1024\" height=\"768\" src=\"https:\/\/prefeitura.santarosa.rs.gov.br\/wp-content\/uploads\/2025\/12\/WhatsApp-Image-2025-12-04-at-10.41.11-1024x768.jpeg\" alt=\"\" class=\"wp-image-15671\" srcset=\"https:\/\/prefeitura.santarosa.rs.gov.br\/wp-content\/uploads\/2025\/12\/WhatsApp-Image-2025-12-04-at-10.41.11-1024x768.jpeg 1024w, https:\/\/prefeitura.santarosa.rs.gov.br\/wp-content\/uploads\/2025\/12\/WhatsApp-Image-2025-12-04-at-10.41.11-300x225.jpeg 300w, https:\/\/prefeitura.santarosa.rs.gov.br\/wp-content\/uploads\/2025\/12\/WhatsApp-Image-2025-12-04-at-10.41.11-768x576.jpeg 768w, https:\/\/prefeitura.santarosa.rs.gov.br\/wp-content\/uploads\/2025\/12\/WhatsApp-Image-2025-12-04-at-10.41.11.jpeg 1280w\" sizes=\"(max-width: 1024px) 100vw, 1024px\" \/><\/figure>\n\n\n\n<p>Prefeito Anderson Mantei recebeu os Prefeitos para abordar alguns cases de sucesso da Administra\u00e7\u00e3o&nbsp;<\/p>\n\n\n\n<p>A pedido da AMM &#8211; Associa\u00e7\u00e3o da Regi\u00e3o das Miss\u00f5es, o prefeito de Santa Rosa recebeu os prefeitos das Miss\u00f5es. Anderson teve a oportunidade de contar como foi o planejamento estrat\u00e9gico de governo e como realizou as a\u00e7\u00f5es nesses \u00faltimos 5 anos. Participaram prefeitos e secret\u00e1rios de 10 munic\u00edpios.&nbsp;<\/p>\n\n\n\n<p>Representantes de S\u00e3o Luiz Gonzaga, S\u00e3o Borja, Bossoroca, S\u00e3o Paulo das Miss\u00f5es, Santo Ant\u00f4nio das Miss\u00f5es, entre outras cidades estiveram no encontro que marcou a quarta-feira(03). Mantei contou como foi o plano de governo, como est\u00e1 sendo realizado o Planejamento Estrat\u00e9gico e a Gest\u00e3o da Prefeitura de Santa Rosa. A mudan\u00e7a de cultura foi destaque, \u201cN\u00f3s entramos com a ideia de fazer gest\u00e3o do dinheiro p\u00fablico e trabalhar todos os dias e noites em prol do crescimento e desenvolvimento da nossa Santa Rosa. Os cortes dr\u00e1sticos na utiliza\u00e7\u00e3o do dinheiro p\u00fablico, a estrat\u00e9gia, o trabalho e a gest\u00e3o de cada 1 real gasto fez toda a diferen\u00e7a\u201d, destacou Anderson.<\/p>\n\n\n\n<p>Durante a oportunidade, os prefeitos e secret\u00e1rios puderam tirar d\u00favidas. O Secret\u00e1rio Ademir da Rosa, Odaylson \u00c9der e o presidente D\u00e9lcio Steffens tamb\u00e9m detalharam aspectos que foram pontos chaves nas a\u00e7\u00f5es do governo. O presidente dos Sinduacon Lucas Carpenedo tamb\u00e9m falou sobre programas e projetos que podem ser implementados nas cidades participantes. Ele tamb\u00e9m abordou aspectos que s\u00e3o fundamentais na estrat\u00e9gia para o desenvolvimento.<\/p>\n\n\n\n<p>O prefeito de S\u00e3o Borja, Jos\u00e9 Lu\u00edz Rodrigues Machado destacou que a atividade foi de extrema import\u00e2ncia, \u201cEstou muito impressionado, com certeza, vamos levar muitas ideias de sucesso daqui para S\u00e3o Borja\u201d. Depois da atividade, foi oferecido um almo\u00e7o na Etnia Italiana.<\/p>\n","protected":false},"excerpt":{"rendered":"<p>Prefeito Anderson Mantei recebeu os Prefeitos para abordar alguns cases de sucesso da Administra\u00e7\u00e3o&nbsp; A pedido da AMM &#8211; Associa\u00e7\u00e3o<\/p>\n","protected":false},"author":12,"featured_media":15672,"comment_status":"closed","ping_status":"closed","sticky":false,"template":"","format":"standard","meta":{"footnotes":""},"categories":[4,3],"tags":[],"class_list":["post-15670","post","type-post","status-publish","format-standard","has-post-thumbnail","hentry","category-noticias","category-gabinete-do-prefeito"],"aioseo_notices":[],"_links":{"self":[{"href":"https:\/\/prefeitura.santarosa.rs.gov.br\/index.php?rest_route=\/wp\/v2\/posts\/15670","targetHints":{"allow":["GET"]}}],"collection":[{"href":"https:\/\/prefeitura.santarosa.rs.gov.br\/index.php?rest_route=\/wp\/v2\/posts"}],"about":[{"href":"https:\/\/prefeitura.santarosa.rs.gov.br\/index.php?rest_route=\/wp\/v2\/types\/post"}],"author":[{"embeddable":true,"href":"https:\/\/prefeitura.santarosa.rs.gov.br\/index.php?rest_route=\/wp\/v2\/users\/12"}],"replies":[{"embeddable":true,"href":"https:\/\/prefeitura.santarosa.rs.gov.br\/index.php?rest_route=%2Fwp%2Fv2%2Fcomments&post=15670"}],"version-history":[{"count":1,"href":"https:\/\/prefeitura.santarosa.rs.gov.br\/index.php?rest_route=\/wp\/v2\/posts\/15670\/revisions"}],"predecessor-version":[{"id":15673,"href":"https:\/\/prefeitura.santarosa.rs.gov.br\/index.php?rest_route=\/wp\/v2\/posts\/15670\/revisions\/15673"}],"wp:featuredmedia":[{"embeddable":true,"href":"https:\/\/prefeitura.santarosa.rs.gov.br\/index.php?rest_route=\/wp\/v2\/media\/15672"}],"wp:attachment":[{"href":"https:\/\/prefeitura.santarosa.rs.gov.br\/index.php?rest_route=%2Fwp%2Fv2%2Fmedia&parent=15670"}],"wp:term":[{"taxonomy":"category","embeddable":true,"href":"https:\/\/prefeitura.santarosa.rs.gov.br\/index.php?rest_route=%2Fwp%2Fv2%2Fcategories&post=15670"},{"taxonomy":"post_tag","embeddable":true,"href":"https:\/\/prefeitura.santarosa.rs.gov.br\/index.php?rest_route=%2Fwp%2Fv2%2Ftags&post=15670"}],"curies":[{"name":"wp","href":"https:\/\/api.w.org\/{rel}","templated":true}]}}