{"id":15662,"date":"2025-12-04T10:16:57","date_gmt":"2025-12-04T13:16:57","guid":{"rendered":"https:\/\/prefeitura.santarosa.rs.gov.br\/?p=15662"},"modified":"2025-12-04T10:48:47","modified_gmt":"2025-12-04T13:48:47","slug":"acoes-voltadas-a-area-da-nutricao","status":"publish","type":"post","link":"https:\/\/prefeitura.santarosa.rs.gov.br\/?p=15662","title":{"rendered":"A\u00e7\u00f5es voltadas \u00e0 \u00e1rea da Nutri\u00e7\u00e3o"},"content":{"rendered":"\n<figure class=\"wp-block-image size-large\"><img fetchpriority=\"high\" decoding=\"async\" width=\"1024\" height=\"576\" src=\"https:\/\/prefeitura.santarosa.rs.gov.br\/wp-content\/uploads\/2025\/12\/WhatsApp-Image-2025-12-04-at-10.02.02-3-1024x576.jpeg\" alt=\"\" class=\"wp-image-15667\" srcset=\"https:\/\/prefeitura.santarosa.rs.gov.br\/wp-content\/uploads\/2025\/12\/WhatsApp-Image-2025-12-04-at-10.02.02-3-1024x576.jpeg 1024w, https:\/\/prefeitura.santarosa.rs.gov.br\/wp-content\/uploads\/2025\/12\/WhatsApp-Image-2025-12-04-at-10.02.02-3-300x169.jpeg 300w, https:\/\/prefeitura.santarosa.rs.gov.br\/wp-content\/uploads\/2025\/12\/WhatsApp-Image-2025-12-04-at-10.02.02-3-768x432.jpeg 768w, https:\/\/prefeitura.santarosa.rs.gov.br\/wp-content\/uploads\/2025\/12\/WhatsApp-Image-2025-12-04-at-10.02.02-3.jpeg 1280w\" sizes=\"(max-width: 1024px) 100vw, 1024px\" \/><\/figure>\n\n\n\n<p>No dia 05 de novembro ocorreu a atividade sobre \u201cNutri\u00e7\u00e3o e Alimenta\u00e7\u00e3o Saud\u00e1vel\u201d com o grupo terap\u00eautico Arte Feliz, no Bairro Planalto. J\u00e1 no dia 13 de novembro foi realizada a a\u00e7\u00e3o referente ao tema \u201cAlimenta\u00e7\u00e3o na Diabetes\u201d com o grupo de educa\u00e7\u00e3o em sa\u00fade atendido na UBS do Centro. As atividades foram conduzidas pela estagi\u00e1ria do Curso de Nutri\u00e7\u00e3o Gabriela Immich Dahmer, da UFSM do campus de Palmeira das Miss\u00f5es, em conjunto com a estagi\u00e1ria Aline Engroff, do Curso de Nutri\u00e7\u00e3o da Faculdade Cruzeiro do Sul, supervisionadas pelas nutricionistas Sabrina Dullius e Let\u00edcia Bianca Petter da Silva, juntamente com o Programa de Resid\u00eancia Multiprofissional em Sa\u00fade da Fam\u00edlia, fortalecendo o trabalho educativo junto \u00e0 comunidade.<\/p>\n\n\n\n<p>Essas a\u00e7\u00f5es s\u00e3o fundamentais, pois contribuem para o entendimento sobre como escolhas alimentares influenciam diretamente a sa\u00fade, promovendo autonomia, preven\u00e7\u00e3o de doen\u00e7as e melhora na qualidade de vida. Al\u00e9m disso, aproximam a popula\u00e7\u00e3o das orienta\u00e7\u00f5es profissionais, criando um espa\u00e7o de di\u00e1logo, troca de experi\u00eancias e constru\u00e7\u00e3o de h\u00e1bitos mais conscientes.<\/p>\n","protected":false},"excerpt":{"rendered":"<p>No dia 05 de novembro ocorreu a atividade sobre \u201cNutri\u00e7\u00e3o e Alimenta\u00e7\u00e3o Saud\u00e1vel\u201d com o grupo terap\u00eautico Arte Feliz, no<\/p>\n","protected":false},"author":12,"featured_media":15664,"comment_status":"closed","ping_status":"closed","sticky":false,"template":"","format":"standard","meta":{"footnotes":""},"categories":[4,8],"tags":[],"class_list":["post-15662","post","type-post","status-publish","format-standard","has-post-thumbnail","hentry","category-noticias","category-noticias-fumssar"],"aioseo_notices":[],"_links":{"self":[{"href":"https:\/\/prefeitura.santarosa.rs.gov.br\/index.php?rest_route=\/wp\/v2\/posts\/15662","targetHints":{"allow":["GET"]}}],"collection":[{"href":"https:\/\/prefeitura.santarosa.rs.gov.br\/index.php?rest_route=\/wp\/v2\/posts"}],"about":[{"href":"https:\/\/prefeitura.santarosa.rs.gov.br\/index.php?rest_route=\/wp\/v2\/types\/post"}],"author":[{"embeddable":true,"href":"https:\/\/prefeitura.santarosa.rs.gov.br\/index.php?rest_route=\/wp\/v2\/users\/12"}],"replies":[{"embeddable":true,"href":"https:\/\/prefeitura.santarosa.rs.gov.br\/index.php?rest_route=%2Fwp%2Fv2%2Fcomments&post=15662"}],"version-history":[{"count":2,"href":"https:\/\/prefeitura.santarosa.rs.gov.br\/index.php?rest_route=\/wp\/v2\/posts\/15662\/revisions"}],"predecessor-version":[{"id":15669,"href":"https:\/\/prefeitura.santarosa.rs.gov.br\/index.php?rest_route=\/wp\/v2\/posts\/15662\/revisions\/15669"}],"wp:featuredmedia":[{"embeddable":true,"href":"https:\/\/prefeitura.santarosa.rs.gov.br\/index.php?rest_route=\/wp\/v2\/media\/15664"}],"wp:attachment":[{"href":"https:\/\/prefeitura.santarosa.rs.gov.br\/index.php?rest_route=%2Fwp%2Fv2%2Fmedia&parent=15662"}],"wp:term":[{"taxonomy":"category","embeddable":true,"href":"https:\/\/prefeitura.santarosa.rs.gov.br\/index.php?rest_route=%2Fwp%2Fv2%2Fcategories&post=15662"},{"taxonomy":"post_tag","embeddable":true,"href":"https:\/\/prefeitura.santarosa.rs.gov.br\/index.php?rest_route=%2Fwp%2Fv2%2Ftags&post=15662"}],"curies":[{"name":"wp","href":"https:\/\/api.w.org\/{rel}","templated":true}]}}