{"id":1562,"date":"2021-05-12T12:22:00","date_gmt":"2021-05-12T15:22:00","guid":{"rendered":"https:\/\/prefeitura.santarosa.rs.gov.br\/?p=1562"},"modified":"2024-10-07T09:55:14","modified_gmt":"2024-10-07T12:55:14","slug":"eleicao-do-conselho-do-idoso","status":"publish","type":"post","link":"https:\/\/prefeitura.santarosa.rs.gov.br\/?p=1562","title":{"rendered":"Elei\u00e7\u00e3o do Conselho do Idoso"},"content":{"rendered":"\n<p>A elei\u00e7\u00e3o foi coordenada pela Secret\u00e1ria Municipal de Desenvolvimento Social Rita Strasser<\/p>\n\n\n\n<p>No dia 11 de maio, o Conselho Municipal de Defesa dos Direitos do Idoso realizou a elei\u00e7\u00e3o do novo n\u00facleo de coordena\u00e7\u00e3o. A elei\u00e7\u00e3o foi coordenada pela Secret\u00e1ria Municipal de Desenvolvimento Social Rita Strasser que refor\u00e7ou a import\u00e2ncia do Conselho estar organizado, \u201cDevemos estar estruturados para poder formular ainda melhor as pol\u00edticas dirigidas para a pessoa idosa\u201d. Os conselheiros que foram eleitos para coordenar o Conselho foram os seguintes:<br>Presidente: Roseli Bess- Secretaria de Esporte<br>1\u00aa Vice-Presidente- Irma Cembranel- Associa\u00e7\u00e3o Santa-rosense de C\u00e2mbio<br>2\u00ba Vice-Presidente: Vitor Vilar- Gerente de pol\u00edticas para o idoso<br>1\u00aa Secret\u00e1ria:Maria da Gra\u00e7a Zimmermann- Diretora de Educa\u00e7\u00e3o e Cultura<br>2\u00aa Secret\u00e1ria: Janice Bello- Associa\u00e7\u00e3o de Damas de Caridade<\/p>\n","protected":false},"excerpt":{"rendered":"<p>A elei\u00e7\u00e3o foi coordenada pela Secret\u00e1ria Municipal de Desenvolvimento Social Rita Strasser No dia 11 de maio, o Conselho Municipal<\/p>\n","protected":false},"author":3,"featured_media":1563,"comment_status":"open","ping_status":"open","sticky":false,"template":"","format":"standard","meta":{"footnotes":""},"categories":[4,17],"tags":[],"class_list":["post-1562","post","type-post","status-publish","format-standard","has-post-thumbnail","hentry","category-noticias","category-secretaria-municipal-de-desenvolvimento-social"],"aioseo_notices":[],"_links":{"self":[{"href":"https:\/\/prefeitura.santarosa.rs.gov.br\/index.php?rest_route=\/wp\/v2\/posts\/1562","targetHints":{"allow":["GET"]}}],"collection":[{"href":"https:\/\/prefeitura.santarosa.rs.gov.br\/index.php?rest_route=\/wp\/v2\/posts"}],"about":[{"href":"https:\/\/prefeitura.santarosa.rs.gov.br\/index.php?rest_route=\/wp\/v2\/types\/post"}],"author":[{"embeddable":true,"href":"https:\/\/prefeitura.santarosa.rs.gov.br\/index.php?rest_route=\/wp\/v2\/users\/3"}],"replies":[{"embeddable":true,"href":"https:\/\/prefeitura.santarosa.rs.gov.br\/index.php?rest_route=%2Fwp%2Fv2%2Fcomments&post=1562"}],"version-history":[{"count":1,"href":"https:\/\/prefeitura.santarosa.rs.gov.br\/index.php?rest_route=\/wp\/v2\/posts\/1562\/revisions"}],"predecessor-version":[{"id":1564,"href":"https:\/\/prefeitura.santarosa.rs.gov.br\/index.php?rest_route=\/wp\/v2\/posts\/1562\/revisions\/1564"}],"wp:featuredmedia":[{"embeddable":true,"href":"https:\/\/prefeitura.santarosa.rs.gov.br\/index.php?rest_route=\/wp\/v2\/media\/1563"}],"wp:attachment":[{"href":"https:\/\/prefeitura.santarosa.rs.gov.br\/index.php?rest_route=%2Fwp%2Fv2%2Fmedia&parent=1562"}],"wp:term":[{"taxonomy":"category","embeddable":true,"href":"https:\/\/prefeitura.santarosa.rs.gov.br\/index.php?rest_route=%2Fwp%2Fv2%2Fcategories&post=1562"},{"taxonomy":"post_tag","embeddable":true,"href":"https:\/\/prefeitura.santarosa.rs.gov.br\/index.php?rest_route=%2Fwp%2Fv2%2Ftags&post=1562"}],"curies":[{"name":"wp","href":"https:\/\/api.w.org\/{rel}","templated":true}]}}