{"id":15583,"date":"2025-11-25T09:49:35","date_gmt":"2025-11-25T12:49:35","guid":{"rendered":"https:\/\/prefeitura.santarosa.rs.gov.br\/?p=15583"},"modified":"2025-11-25T09:49:35","modified_gmt":"2025-11-25T12:49:35","slug":"comecou-a-obra-do-novo-terminal-do-aeroporto","status":"publish","type":"post","link":"https:\/\/prefeitura.santarosa.rs.gov.br\/?p=15583","title":{"rendered":"Come\u00e7ou a obra do novo Terminal do Aeroporto"},"content":{"rendered":"\n<figure class=\"wp-block-image size-large\"><img fetchpriority=\"high\" decoding=\"async\" width=\"1024\" height=\"768\" src=\"https:\/\/prefeitura.santarosa.rs.gov.br\/wp-content\/uploads\/2025\/11\/WhatsApp-Image-2025-11-25-at-09.43.40-1024x768.jpeg\" alt=\"\" class=\"wp-image-15584\" srcset=\"https:\/\/prefeitura.santarosa.rs.gov.br\/wp-content\/uploads\/2025\/11\/WhatsApp-Image-2025-11-25-at-09.43.40-1024x768.jpeg 1024w, https:\/\/prefeitura.santarosa.rs.gov.br\/wp-content\/uploads\/2025\/11\/WhatsApp-Image-2025-11-25-at-09.43.40-300x225.jpeg 300w, https:\/\/prefeitura.santarosa.rs.gov.br\/wp-content\/uploads\/2025\/11\/WhatsApp-Image-2025-11-25-at-09.43.40-768x576.jpeg 768w, https:\/\/prefeitura.santarosa.rs.gov.br\/wp-content\/uploads\/2025\/11\/WhatsApp-Image-2025-11-25-at-09.43.40.jpeg 1280w\" sizes=\"(max-width: 1024px) 100vw, 1024px\" \/><\/figure>\n\n\n\n<p>Mais um importante passo na maior obra do munic\u00edpio. Foi dada ordem de in\u00edcio para a constru\u00e7\u00e3o do novo Terminal. A assinatura ocorreu durante uma reuni\u00e3o do Prefeito com os vereadores. A empresa vencedora da licita\u00e7\u00e3o j\u00e1 havia organizado a infraestrutura no local, e nesta segunda-feira(24), come\u00e7ou a obra. O local ter\u00e1 1.612,26 m\u00b2 de \u00e1rea total, sendo que 1.447,60 m\u00b2 do terminal de passageiros.&nbsp;<\/p>\n\n\n\n<p>A obra, or\u00e7ada em cerca de R$ 16 milh\u00f5es ainda n\u00e3o tem previs\u00e3o or\u00e7ament\u00e1ria nem do Estado e nem do Governo Federal, \u201cEncaminhamos um projeto para o Estado, mas n\u00e3o temos garantia. O que n\u00f3s temos garantia \u00e9 de que essa obra vai sair, e que at\u00e9 o final do ano que vem Santa Rosa ter\u00e1 um novo Aeroporto, e nossa cidade passar\u00e1 a viver um novo capitulo na sua hist\u00f3ria\u201d, ressalta Anderson Mantei.&nbsp;<\/p>\n\n\n\n<p>O projeto contempla sala de embarque e desembarque, setor de raio-X, \u00e1rea de check-in, espa\u00e7os exclusivos para companhias a\u00e9reas, banheiros acess\u00edveis, \u00e1reas administrativas e de apoio, sala para a equipe de seguran\u00e7a e bombeiros, opera\u00e7\u00f5es aeroportu\u00e1rias, central de utilidades e dep\u00f3sito de lixo. Cada detalhe foi pensado para modernizar a experi\u00eancia dos passageiros e garantir efici\u00eancia operacional. Com prazo de execu\u00e7\u00e3o at\u00e9 dezembro de 2026, o novo terminal promete elevar o padr\u00e3o de conectividade da regi\u00e3o, gerar oportunidades econ\u00f4micas e marcar uma nova etapa no desenvolvimento de Santa Rosa.<\/p>\n","protected":false},"excerpt":{"rendered":"<p>Mais um importante passo na maior obra do munic\u00edpio. Foi dada ordem de in\u00edcio para a constru\u00e7\u00e3o do novo Terminal.<\/p>\n","protected":false},"author":12,"featured_media":15585,"comment_status":"closed","ping_status":"closed","sticky":false,"template":"","format":"standard","meta":{"footnotes":""},"categories":[4,22],"tags":[],"class_list":["post-15583","post","type-post","status-publish","format-standard","has-post-thumbnail","hentry","category-noticias","category-secretaria-municipal-de-planejamento-e-habitacao"],"aioseo_notices":[],"_links":{"self":[{"href":"https:\/\/prefeitura.santarosa.rs.gov.br\/index.php?rest_route=\/wp\/v2\/posts\/15583","targetHints":{"allow":["GET"]}}],"collection":[{"href":"https:\/\/prefeitura.santarosa.rs.gov.br\/index.php?rest_route=\/wp\/v2\/posts"}],"about":[{"href":"https:\/\/prefeitura.santarosa.rs.gov.br\/index.php?rest_route=\/wp\/v2\/types\/post"}],"author":[{"embeddable":true,"href":"https:\/\/prefeitura.santarosa.rs.gov.br\/index.php?rest_route=\/wp\/v2\/users\/12"}],"replies":[{"embeddable":true,"href":"https:\/\/prefeitura.santarosa.rs.gov.br\/index.php?rest_route=%2Fwp%2Fv2%2Fcomments&post=15583"}],"version-history":[{"count":1,"href":"https:\/\/prefeitura.santarosa.rs.gov.br\/index.php?rest_route=\/wp\/v2\/posts\/15583\/revisions"}],"predecessor-version":[{"id":15586,"href":"https:\/\/prefeitura.santarosa.rs.gov.br\/index.php?rest_route=\/wp\/v2\/posts\/15583\/revisions\/15586"}],"wp:featuredmedia":[{"embeddable":true,"href":"https:\/\/prefeitura.santarosa.rs.gov.br\/index.php?rest_route=\/wp\/v2\/media\/15585"}],"wp:attachment":[{"href":"https:\/\/prefeitura.santarosa.rs.gov.br\/index.php?rest_route=%2Fwp%2Fv2%2Fmedia&parent=15583"}],"wp:term":[{"taxonomy":"category","embeddable":true,"href":"https:\/\/prefeitura.santarosa.rs.gov.br\/index.php?rest_route=%2Fwp%2Fv2%2Fcategories&post=15583"},{"taxonomy":"post_tag","embeddable":true,"href":"https:\/\/prefeitura.santarosa.rs.gov.br\/index.php?rest_route=%2Fwp%2Fv2%2Ftags&post=15583"}],"curies":[{"name":"wp","href":"https:\/\/api.w.org\/{rel}","templated":true}]}}