{"id":1550,"date":"2021-05-14T13:54:00","date_gmt":"2021-05-14T16:54:00","guid":{"rendered":"https:\/\/prefeitura.santarosa.rs.gov.br\/?p=1550"},"modified":"2024-10-07T09:55:02","modified_gmt":"2024-10-07T12:55:02","slug":"nova-faixa-etaria-para-vacinacao-contra-a-covid-19-3","status":"publish","type":"post","link":"https:\/\/prefeitura.santarosa.rs.gov.br\/?p=1550","title":{"rendered":"Nova faixa et\u00e1ria para vacina\u00e7\u00e3o contra a COVID-19"},"content":{"rendered":"\n<p>Ser\u00e3o vacinadas pessoas com 18 anos ou mais que possuem as comorbidades elencadas pelo Minist\u00e9rio da Sa\u00fade.<\/p>\n\n\n\n<p>A partir desta sexta-feira (14), ser\u00e1 ampliada a vacina\u00e7\u00e3o. Ser\u00e3o vacinadas pessoas com 18 anos ou mais que possuem as comorbidades elencadas pelo Minist\u00e9rio da Sa\u00fade. Nesta faixa et\u00e1ria, tamb\u00e9m ser\u00e3o contemplados com a vacina\u00e7\u00e3o, os Portadores de defici\u00eancia cadastrados no plano Benef\u00edcio de Presta\u00e7\u00e3o Continuada (BPC) e pessoas com S\u00edndrome de Down.<\/p>\n\n\n\n<p>A aplica\u00e7\u00e3o das doses ser\u00e1 feita em todas as Unidades B\u00e1sicas de Sa\u00fade. O atendimento ser\u00e1 mediante agendamento pr\u00e9vio por telefone ou presencial. Todos que forem se vacinar precisam levar documento com foto e se poss\u00edvel caderneta de vacina\u00e7\u00e3o. Pacientes que habitualmente consultam na UBS n\u00e3o necessitam de atestado. Os demais devem apresentar atestado m\u00e9dico que comprove a comorbidade inclu\u00edda nos grupos priorit\u00e1rios da vacina\u00e7\u00e3o contra a COVID-19.<\/p>\n\n\n\n<p>Est\u00e1 previsto para hoje \u00e0 noite, a chegada de 1580 novas doses em Santa Rosa. Deste total, 780 s\u00e3o da CoronaVac e est\u00e3o destinadas para os idosos que est\u00e3o com a segunda dose atrasada h\u00e1 mais tempo. As outras 800 doses s\u00e3o da AstraZeneca e tamb\u00e9m ser\u00e3o destinadas para a 2\u00aa dose daquelas pessoas que j\u00e1 receberam a primeira dose da vacina. Este quantitativo ser\u00e1 igualmente distribu\u00eddo entre todas as Unidades B\u00e1sicas de Sa\u00fade, que estar\u00e3o contatando os usu\u00e1rios para irem at\u00e9 a unidade receber a 2\u00aa dose.<\/p>\n\n\n\n<p>D\u00favidas e Informa\u00e7\u00f5es: vacinacovid@fumssar.com.br<\/p>\n\n\n\n<ul class=\"wp-block-list\"><li>Importante: Pessoas que se vacinaram contra a Influenza (GRIPE) precisam aguardar o prazo de 14 dias para poder receber a vacina contra a COVID-19<\/li><\/ul>\n","protected":false},"excerpt":{"rendered":"<p>Ser\u00e3o vacinadas pessoas com 18 anos ou mais que possuem as comorbidades elencadas pelo Minist\u00e9rio da Sa\u00fade. A partir desta<\/p>\n","protected":false},"author":3,"featured_media":1551,"comment_status":"open","ping_status":"open","sticky":false,"template":"","format":"standard","meta":{"footnotes":""},"categories":[6,4,8],"tags":[],"class_list":["post-1550","post","type-post","status-publish","format-standard","has-post-thumbnail","hentry","category-covid-19","category-noticias","category-noticias-fumssar"],"aioseo_notices":[],"_links":{"self":[{"href":"https:\/\/prefeitura.santarosa.rs.gov.br\/index.php?rest_route=\/wp\/v2\/posts\/1550","targetHints":{"allow":["GET"]}}],"collection":[{"href":"https:\/\/prefeitura.santarosa.rs.gov.br\/index.php?rest_route=\/wp\/v2\/posts"}],"about":[{"href":"https:\/\/prefeitura.santarosa.rs.gov.br\/index.php?rest_route=\/wp\/v2\/types\/post"}],"author":[{"embeddable":true,"href":"https:\/\/prefeitura.santarosa.rs.gov.br\/index.php?rest_route=\/wp\/v2\/users\/3"}],"replies":[{"embeddable":true,"href":"https:\/\/prefeitura.santarosa.rs.gov.br\/index.php?rest_route=%2Fwp%2Fv2%2Fcomments&post=1550"}],"version-history":[{"count":1,"href":"https:\/\/prefeitura.santarosa.rs.gov.br\/index.php?rest_route=\/wp\/v2\/posts\/1550\/revisions"}],"predecessor-version":[{"id":1552,"href":"https:\/\/prefeitura.santarosa.rs.gov.br\/index.php?rest_route=\/wp\/v2\/posts\/1550\/revisions\/1552"}],"wp:featuredmedia":[{"embeddable":true,"href":"https:\/\/prefeitura.santarosa.rs.gov.br\/index.php?rest_route=\/wp\/v2\/media\/1551"}],"wp:attachment":[{"href":"https:\/\/prefeitura.santarosa.rs.gov.br\/index.php?rest_route=%2Fwp%2Fv2%2Fmedia&parent=1550"}],"wp:term":[{"taxonomy":"category","embeddable":true,"href":"https:\/\/prefeitura.santarosa.rs.gov.br\/index.php?rest_route=%2Fwp%2Fv2%2Fcategories&post=1550"},{"taxonomy":"post_tag","embeddable":true,"href":"https:\/\/prefeitura.santarosa.rs.gov.br\/index.php?rest_route=%2Fwp%2Fv2%2Ftags&post=1550"}],"curies":[{"name":"wp","href":"https:\/\/api.w.org\/{rel}","templated":true}]}}