{"id":15395,"date":"2025-10-27T17:22:24","date_gmt":"2025-10-27T20:22:24","guid":{"rendered":"https:\/\/prefeitura.santarosa.rs.gov.br\/?p=15395"},"modified":"2025-10-27T17:22:24","modified_gmt":"2025-10-27T20:22:24","slug":"ordem-de-inicio-para-obra-de-mais-de-r-9-milhoes","status":"publish","type":"post","link":"https:\/\/prefeitura.santarosa.rs.gov.br\/?p=15395","title":{"rendered":"Ordem de in\u00edcio para obra de mais de R$ 9 milh\u00f5es"},"content":{"rendered":"\n<figure class=\"wp-block-image size-large\"><img fetchpriority=\"high\" decoding=\"async\" width=\"1024\" height=\"768\" src=\"https:\/\/prefeitura.santarosa.rs.gov.br\/wp-content\/uploads\/2025\/10\/WhatsApp-Image-2025-10-27-at-16.20.27-1024x768.jpeg\" alt=\"\" class=\"wp-image-15396\" srcset=\"https:\/\/prefeitura.santarosa.rs.gov.br\/wp-content\/uploads\/2025\/10\/WhatsApp-Image-2025-10-27-at-16.20.27-1024x768.jpeg 1024w, https:\/\/prefeitura.santarosa.rs.gov.br\/wp-content\/uploads\/2025\/10\/WhatsApp-Image-2025-10-27-at-16.20.27-300x225.jpeg 300w, https:\/\/prefeitura.santarosa.rs.gov.br\/wp-content\/uploads\/2025\/10\/WhatsApp-Image-2025-10-27-at-16.20.27-768x576.jpeg 768w, https:\/\/prefeitura.santarosa.rs.gov.br\/wp-content\/uploads\/2025\/10\/WhatsApp-Image-2025-10-27-at-16.20.27.jpeg 1280w\" sizes=\"(max-width: 1024px) 100vw, 1024px\" \/><\/figure>\n\n\n\n<p>Vai come\u00e7ar mais uma importante obra para Santa Rosa. Diversas ruas de importante liga\u00e7\u00e3o j\u00e1 foram realizadas ou est\u00e3o em andamento, como \u00e9 o caso da Alfa Centauro que fara liga\u00e7\u00e3o da Expedicion\u00e1rio com a Am\u00e9rica. Nesta segunda, o Prefeito Anderson e os vereadores assinaram a ordem de in\u00edcio para a pavimenta\u00e7\u00e3o da Rua 10 de Novembro.&nbsp;<\/p>\n\n\n\n<p>A obra de asfalto ser\u00e1 ap\u00f3s a ponte do Pessegueirinho at\u00e9 a RSC 472 no anel rodovi\u00e1rio, fazendo mais uma importante via de acesso da cidade. A obra tamb\u00e9m contempla as Ruas Manoel Ferreira Brand\u00e3o Filho e Dr. Accioly. A extens\u00e3o total ser\u00e1 de 1.695,42 metros lineares, com \u00e1rea total de 23.454,24 m\u00b2. O prefeito destacou que seguem avan\u00e7ando os investimentos que promovem desenvolvimento e transformam Santa Rosa em uma cidade cada vez melhor para viver,&nbsp; \u201cJ\u00e1 realizamos o primeiro trecho da 10 de Novembro, com estrutura j\u00e1 pensada para o crescimento e desenvolvimento da regi\u00e3o, agora estamos dando continuidade nessa via que \u00e9 estrat\u00e9gica para sa\u00edda e entrada da cidade, assim como beneficia todas as comunidades da volta\u201d.&nbsp;<\/p>\n\n\n\n<p>O investimento passa de R$ 9 milh\u00f5es. A a\u00e7\u00e3o conta com execu\u00e7\u00e3o de rede de escava\u00e7\u00f5es e terraplanagem, drenagem pluvial, ponte sobre lajeado Pessegueirinho, execu\u00e7\u00e3o de base e sub base, pavimenta\u00e7\u00e3o asf\u00e1ltica, nivelamento de tampas da Corsan, rampas de acessibilidade e sinaliza\u00e7\u00e3o vertical e horizontal. O prazo para finaliza\u00e7\u00e3o \u00e9 de 360 dias. Os recursos s\u00e3o do contrato firmado com a CORSAN, onde a empresa repassou o total de R$18,3 milh\u00f5es para obras de infraestrutura.<\/p>\n","protected":false},"excerpt":{"rendered":"<p>Vai come\u00e7ar mais uma importante obra para Santa Rosa. Diversas ruas de importante liga\u00e7\u00e3o j\u00e1 foram realizadas ou est\u00e3o em<\/p>\n","protected":false},"author":12,"featured_media":15397,"comment_status":"closed","ping_status":"closed","sticky":false,"template":"","format":"standard","meta":{"footnotes":""},"categories":[4,22],"tags":[],"class_list":["post-15395","post","type-post","status-publish","format-standard","has-post-thumbnail","hentry","category-noticias","category-secretaria-municipal-de-planejamento-e-habitacao"],"aioseo_notices":[],"_links":{"self":[{"href":"https:\/\/prefeitura.santarosa.rs.gov.br\/index.php?rest_route=\/wp\/v2\/posts\/15395","targetHints":{"allow":["GET"]}}],"collection":[{"href":"https:\/\/prefeitura.santarosa.rs.gov.br\/index.php?rest_route=\/wp\/v2\/posts"}],"about":[{"href":"https:\/\/prefeitura.santarosa.rs.gov.br\/index.php?rest_route=\/wp\/v2\/types\/post"}],"author":[{"embeddable":true,"href":"https:\/\/prefeitura.santarosa.rs.gov.br\/index.php?rest_route=\/wp\/v2\/users\/12"}],"replies":[{"embeddable":true,"href":"https:\/\/prefeitura.santarosa.rs.gov.br\/index.php?rest_route=%2Fwp%2Fv2%2Fcomments&post=15395"}],"version-history":[{"count":1,"href":"https:\/\/prefeitura.santarosa.rs.gov.br\/index.php?rest_route=\/wp\/v2\/posts\/15395\/revisions"}],"predecessor-version":[{"id":15398,"href":"https:\/\/prefeitura.santarosa.rs.gov.br\/index.php?rest_route=\/wp\/v2\/posts\/15395\/revisions\/15398"}],"wp:featuredmedia":[{"embeddable":true,"href":"https:\/\/prefeitura.santarosa.rs.gov.br\/index.php?rest_route=\/wp\/v2\/media\/15397"}],"wp:attachment":[{"href":"https:\/\/prefeitura.santarosa.rs.gov.br\/index.php?rest_route=%2Fwp%2Fv2%2Fmedia&parent=15395"}],"wp:term":[{"taxonomy":"category","embeddable":true,"href":"https:\/\/prefeitura.santarosa.rs.gov.br\/index.php?rest_route=%2Fwp%2Fv2%2Fcategories&post=15395"},{"taxonomy":"post_tag","embeddable":true,"href":"https:\/\/prefeitura.santarosa.rs.gov.br\/index.php?rest_route=%2Fwp%2Fv2%2Ftags&post=15395"}],"curies":[{"name":"wp","href":"https:\/\/api.w.org\/{rel}","templated":true}]}}