{"id":15391,"date":"2025-10-27T14:48:35","date_gmt":"2025-10-27T17:48:35","guid":{"rendered":"https:\/\/prefeitura.santarosa.rs.gov.br\/?p=15391"},"modified":"2025-10-27T14:48:35","modified_gmt":"2025-10-27T17:48:35","slug":"novos-servicos-digitais-na-educacao","status":"publish","type":"post","link":"https:\/\/prefeitura.santarosa.rs.gov.br\/?p=15391","title":{"rendered":"Novos servi\u00e7os digitais na Educa\u00e7\u00e3o"},"content":{"rendered":"\n<figure class=\"wp-block-image size-large\"><img fetchpriority=\"high\" decoding=\"async\" width=\"1024\" height=\"768\" src=\"https:\/\/prefeitura.santarosa.rs.gov.br\/wp-content\/uploads\/2025\/10\/WhatsApp-Image-2025-10-27-at-14.16.08-1024x768.jpeg\" alt=\"\" class=\"wp-image-15392\" srcset=\"https:\/\/prefeitura.santarosa.rs.gov.br\/wp-content\/uploads\/2025\/10\/WhatsApp-Image-2025-10-27-at-14.16.08-1024x768.jpeg 1024w, https:\/\/prefeitura.santarosa.rs.gov.br\/wp-content\/uploads\/2025\/10\/WhatsApp-Image-2025-10-27-at-14.16.08-300x225.jpeg 300w, https:\/\/prefeitura.santarosa.rs.gov.br\/wp-content\/uploads\/2025\/10\/WhatsApp-Image-2025-10-27-at-14.16.08-768x576.jpeg 768w, https:\/\/prefeitura.santarosa.rs.gov.br\/wp-content\/uploads\/2025\/10\/WhatsApp-Image-2025-10-27-at-14.16.08.jpeg 1280w\" sizes=\"(max-width: 1024px) 100vw, 1024px\" \/><\/figure>\n\n\n\n<p><\/p>\n\n\n\n<p>A Prefeitura segue avan\u00e7ando na transforma\u00e7\u00e3o digital dos servi\u00e7os p\u00fablicos, ampliando o acesso e a efici\u00eancia no atendimento \u00e0 comunidade escolar. Recentemente, foram implantados tr\u00eas novos servi\u00e7os digitais voltados \u00e0 \u00e1rea da Educa\u00e7\u00e3o: Matr\u00edculas no Ensino Fundamental, Transfer\u00eancia de Alunos do Ensino Fundamental e Transfer\u00eancia de Alunos da Educa\u00e7\u00e3o Infantil.<\/p>\n\n\n\n<p>Com a Matr\u00edcula no Ensino Fundamental, os pais ou respons\u00e1veis agora podem solicitar a vaga para crian\u00e7as que ingressar\u00e3o no 1\u00ba ano de forma totalmente online. O processo \u00e9 simples e pode ser realizado de qualquer lugar, basta preencher os dados solicitados e anexar os documentos exigidos.<\/p>\n\n\n\n<p>O mesmo formato digital foi adotado para os servi\u00e7os de Transfer\u00eancia de Alunos do Ensino Fundamental e Transfer\u00eancia de Alunos da Educa\u00e7\u00e3o Infantil, permitindo que as fam\u00edlias solicitem a mudan\u00e7a de escola sem a necessidade de deslocamento at\u00e9 a Secretaria ou nas unidades de ensino. Todo o procedimento \u00e9 feito pelo autoatendimento no portal do cidad\u00e3o, e o resultado \u00e9 informado via e-mail, garantindo mais praticidade, rapidez e seguran\u00e7a nas comunica\u00e7\u00f5es.<\/p>\n\n\n\n<p>Segundo a Secret\u00e1ria de Educa\u00e7\u00e3o, Josyane Heck, a moderniza\u00e7\u00e3o desses processos representa uma melhoria significativa na rotina das escolas e no relacionamento com a comunidade: \u201cA digitaliza\u00e7\u00e3o dessas solicita\u00e7\u00f5es traz mais organiza\u00e7\u00e3o e agilidade para as equipes escolares, al\u00e9m de aprimorar a comunica\u00e7\u00e3o entre as escolas e a equipe diretiva. Com as informa\u00e7\u00f5es centralizadas, conseguimos acompanhar as demandas em tempo real e oferecer um atendimento mais eficiente \u00e0s fam\u00edlias\u201d. Os servi\u00e7os podem ser solicitados tamb\u00e9m pelo aplicativo atende.net<\/p>\n\n\n\n<p>J\u00e1 o Secret\u00e1rio de Governan\u00e7a e Gest\u00e3o, Ademir Rosa, destaca o impacto da inova\u00e7\u00e3o na gest\u00e3o p\u00fablica, \u201cA digitaliza\u00e7\u00e3o \u00e9 um passo essencial para tornar a administra\u00e7\u00e3o municipal mais \u00e1gil, transparente e acess\u00edvel. Cada novo servi\u00e7o digital representa menos burocracia e mais efici\u00eancia, permitindo que a tecnologia esteja a servi\u00e7o do cidad\u00e3o\u201d.&nbsp;<\/p>\n\n\n\n<p>Com essas novas implanta\u00e7\u00f5es, o munic\u00edpio refor\u00e7a seu compromisso com a inova\u00e7\u00e3o, aproximando a gest\u00e3o p\u00fablica das pessoas e consolidando uma educa\u00e7\u00e3o moderna, conectada e eficiente.<\/p>\n\n\n\n<p>Links de acesso:<\/p>\n\n\n\n<p><a href=\"https:\/\/santarosa.atende.net\/autoatendimento\/servicos\/e-solicitacao-de-matricula-de-aluno-no-ensino-fundamental\/detalhar\/1#conteudo\">https:\/\/santarosa.atende.net\/autoatendimento\/servicos\/e-solicitacao-de-matricula-de-aluno-no-ensino-fundamental\/detalhar\/1#conteudo<\/a><\/p>\n\n\n\n<p><a href=\"https:\/\/santarosa.atende.net\/autoatendimento\/servicos\/e-solicitacao-de-transferencia-de-aluno-entre-escolas-municipais-de-ensino-fundamental\/detalhar\/1#conteudo\">https:\/\/santarosa.atende.net\/autoatendimento\/servicos\/e-solicitacao-de-transferencia-de-aluno-entre-escolas-municipais-de-ensino-fundamental\/detalhar\/1#conteudo<\/a><\/p>\n\n\n\n<p><a href=\"https:\/\/santarosa.atende.net\/autoatendimento\/servicos\/e-solicitacao-de-transferencia-de-aluno-entre-escolas-municipais-de-educacao-infantil\/detalhar\/1#conteudo\">https:\/\/santarosa.atende.net\/autoatendimento\/servicos\/e-solicitacao-de-transferencia-de-aluno-entre-escolas-municipais-de-educacao-infantil\/detalhar\/1#conteudo<\/a><\/p>\n","protected":false},"excerpt":{"rendered":"<p>A Prefeitura segue avan\u00e7ando na transforma\u00e7\u00e3o digital dos servi\u00e7os p\u00fablicos, ampliando o acesso e a efici\u00eancia no atendimento \u00e0 comunidade<\/p>\n","protected":false},"author":12,"featured_media":15393,"comment_status":"closed","ping_status":"closed","sticky":false,"template":"","format":"standard","meta":{"footnotes":""},"categories":[4,18,23],"tags":[],"class_list":["post-15391","post","type-post","status-publish","format-standard","has-post-thumbnail","hentry","category-noticias","category-secretaria-municipal-de-educacao-e-cultura","category-secretaria-municipal-governanca-gestao"],"aioseo_notices":[],"_links":{"self":[{"href":"https:\/\/prefeitura.santarosa.rs.gov.br\/index.php?rest_route=\/wp\/v2\/posts\/15391","targetHints":{"allow":["GET"]}}],"collection":[{"href":"https:\/\/prefeitura.santarosa.rs.gov.br\/index.php?rest_route=\/wp\/v2\/posts"}],"about":[{"href":"https:\/\/prefeitura.santarosa.rs.gov.br\/index.php?rest_route=\/wp\/v2\/types\/post"}],"author":[{"embeddable":true,"href":"https:\/\/prefeitura.santarosa.rs.gov.br\/index.php?rest_route=\/wp\/v2\/users\/12"}],"replies":[{"embeddable":true,"href":"https:\/\/prefeitura.santarosa.rs.gov.br\/index.php?rest_route=%2Fwp%2Fv2%2Fcomments&post=15391"}],"version-history":[{"count":1,"href":"https:\/\/prefeitura.santarosa.rs.gov.br\/index.php?rest_route=\/wp\/v2\/posts\/15391\/revisions"}],"predecessor-version":[{"id":15394,"href":"https:\/\/prefeitura.santarosa.rs.gov.br\/index.php?rest_route=\/wp\/v2\/posts\/15391\/revisions\/15394"}],"wp:featuredmedia":[{"embeddable":true,"href":"https:\/\/prefeitura.santarosa.rs.gov.br\/index.php?rest_route=\/wp\/v2\/media\/15393"}],"wp:attachment":[{"href":"https:\/\/prefeitura.santarosa.rs.gov.br\/index.php?rest_route=%2Fwp%2Fv2%2Fmedia&parent=15391"}],"wp:term":[{"taxonomy":"category","embeddable":true,"href":"https:\/\/prefeitura.santarosa.rs.gov.br\/index.php?rest_route=%2Fwp%2Fv2%2Fcategories&post=15391"},{"taxonomy":"post_tag","embeddable":true,"href":"https:\/\/prefeitura.santarosa.rs.gov.br\/index.php?rest_route=%2Fwp%2Fv2%2Ftags&post=15391"}],"curies":[{"name":"wp","href":"https:\/\/api.w.org\/{rel}","templated":true}]}}