{"id":15387,"date":"2025-10-27T08:58:58","date_gmt":"2025-10-27T11:58:58","guid":{"rendered":"https:\/\/prefeitura.santarosa.rs.gov.br\/?p=15387"},"modified":"2025-10-27T08:58:58","modified_gmt":"2025-10-27T11:58:58","slug":"2a-copa-ase-santa-rosa-de-futsal-feminino-destaca-o-talento-das-categorias-de-base","status":"publish","type":"post","link":"https:\/\/prefeitura.santarosa.rs.gov.br\/?p=15387","title":{"rendered":"2\u00aa Copa ASE Santa Rosa de Futsal Feminino destaca o talento das categorias de base"},"content":{"rendered":"\n<figure class=\"wp-block-image size-large\"><img fetchpriority=\"high\" decoding=\"async\" width=\"1024\" height=\"682\" src=\"https:\/\/prefeitura.santarosa.rs.gov.br\/wp-content\/uploads\/2025\/10\/WhatsApp-Image-2025-10-27-at-08.49.45-1024x682.jpeg\" alt=\"\" class=\"wp-image-15388\" srcset=\"https:\/\/prefeitura.santarosa.rs.gov.br\/wp-content\/uploads\/2025\/10\/WhatsApp-Image-2025-10-27-at-08.49.45-1024x682.jpeg 1024w, https:\/\/prefeitura.santarosa.rs.gov.br\/wp-content\/uploads\/2025\/10\/WhatsApp-Image-2025-10-27-at-08.49.45-300x200.jpeg 300w, https:\/\/prefeitura.santarosa.rs.gov.br\/wp-content\/uploads\/2025\/10\/WhatsApp-Image-2025-10-27-at-08.49.45-768x512.jpeg 768w, https:\/\/prefeitura.santarosa.rs.gov.br\/wp-content\/uploads\/2025\/10\/WhatsApp-Image-2025-10-27-at-08.49.45-1536x1024.jpeg 1536w, https:\/\/prefeitura.santarosa.rs.gov.br\/wp-content\/uploads\/2025\/10\/WhatsApp-Image-2025-10-27-at-08.49.45-2048x1365.jpeg 2048w\" sizes=\"(max-width: 1024px) 100vw, 1024px\" \/><\/figure>\n\n\n\n<p>A 2\u00aa Copa Santa Rosa ASE de Futsal Feminino \u2013 Categorias de Base foi realizada no \u00faltimo s\u00e1bado, 25 de outubro, no Gin\u00e1sio Moroni \u2013 Complexo Liminha, em Santa Rosa\/RS. O evento reuniu equipes de diversas cidades da regi\u00e3o, proporcionando um dia de integra\u00e7\u00e3o, incentivo ao esporte e valoriza\u00e7\u00e3o do futsal feminino.<\/p>\n\n\n\n<p>Para Jandro Finatto, treinador das categorias de base da ASE, o evento refor\u00e7a o compromisso com o desenvolvimento do futsal feminino na regi\u00e3o, \u201cFoi uma grande festa do esporte. Nosso objetivo \u00e9 incentivar as meninas desde cedo, oferecendo competi\u00e7\u00f5es organizadas, com estrutura e valoriza\u00e7\u00e3o. A Copa ASE vem crescendo a cada edi\u00e7\u00e3o, e \u00e9 gratificante ver o empenho das atletas, das fam\u00edlias e das equipes participantes.\u201d<\/p>\n\n\n\n<p>A competi\u00e7\u00e3o contou com jogos equilibrados e um excelente n\u00edvel t\u00e9cnico nas categorias Sub 11, Sub 13, Sub 15 e Sub 17. As partidas demonstraram o crescimento e a for\u00e7a do futsal feminino de base, com atletas mostrando dedica\u00e7\u00e3o, garra e talento em quadra.<\/p>\n\n\n\n<p>O prefeito Anderson Mantei, que acompanhou os jogos e participou da premia\u00e7\u00e3o, destacou a import\u00e2ncia do evento para o incentivo ao esporte de base, \u201cA Copa ASE Santa Rosa de Futsal Feminino, mostra o quanto o futsal feminino vem ganhando espa\u00e7o na cidade. \u00c9 um orgulho ver tantas meninas envolvidas no esporte, representando bem suas cidades. Parab\u00e9ns \u00e0 ASE pela organiza\u00e7\u00e3o e por acreditar no esporte como ferramenta de forma\u00e7\u00e3o e inclus\u00e3o.\u201d<\/p>\n\n\n\n<p>Resultados finais da competi\u00e7\u00e3o:<\/p>\n\n\n\n<p>Sub 11<\/p>\n\n\n\n<p>\ud83e\udd47 1\u00ba ACF Sports<\/p>\n\n\n\n<p>\ud83e\udd48 2\u00ba ACEHOR<\/p>\n\n\n\n<p>\ud83e\udd49 3\u00ba EFR<\/p>\n\n\n\n<p>\ud83c\udfc6 Artilheira: Julia Baggio (EFR)<\/p>\n\n\n\n<p>\ud83e\udde4 Goleiras destaque: Laura e Lav\u00ednia (ACF Sports)<\/p>\n\n\n\n<p>Sub 13<\/p>\n\n\n\n<p>\ud83e\udd47 1\u00ba ACF Sports<\/p>\n\n\n\n<p>\ud83e\udd48 2\u00ba ASE<\/p>\n\n\n\n<p>\ud83e\udd49 3\u00ba EFR<\/p>\n\n\n\n<p>\ud83c\udfc6 Artilheiras: Rafaela e Sofia (ASE)<\/p>\n\n\n\n<p>\ud83e\udde4 Goleira destaque: Kemily (ASE)<\/p>\n\n\n\n<p>Sub 15<\/p>\n\n\n\n<p>\ud83e\udd47 1\u00ba EFR<\/p>\n\n\n\n<p>\ud83e\udd48 2\u00ba ACF Sports<\/p>\n\n\n\n<p>\ud83e\udd49 3\u00ba CMD BVB<\/p>\n\n\n\n<p>\ud83c\udfc6 Artilheira: Let\u00edcia Schuh<\/p>\n\n\n\n<p>\ud83e\udde4 Goleira destaque: Maria Eduarda (EFR)<\/p>\n\n\n\n<p>Sub 17<\/p>\n\n\n\n<p>\ud83e\udd47 1\u00ba CMD BVB<\/p>\n\n\n\n<p>\ud83e\udd48 2\u00ba Giru\u00e1 Futsal<\/p>\n\n\n\n<p>\ud83e\udd49 3\u00ba ASE<\/p>\n\n\n\n<p>\ud83c\udfc6 Artilheira: Ana Bosco<\/p>\n\n\n\n<p>\ud83e\udde4 Goleira destaque: Taylla<\/p>\n\n\n\n<p>O evento foi uma realiza\u00e7\u00e3o da ASE \u2013 Associa\u00e7\u00e3o Santa-rosense de Esportes, com apoio da Prefeitura Municipal de Santa Rosa e da Secretaria de Esporte. A cobertura fotogr\u00e1fica foi de Jonas Santos, e o marketing e design do evento ficaram sob responsabilidade da PB Marketing e Design.<\/p>\n\n\n\n<p>Foto: Jonas Campos<\/p>\n","protected":false},"excerpt":{"rendered":"<p>A 2\u00aa Copa Santa Rosa ASE de Futsal Feminino \u2013 Categorias de Base foi realizada no \u00faltimo s\u00e1bado, 25 de<\/p>\n","protected":false},"author":12,"featured_media":15389,"comment_status":"closed","ping_status":"closed","sticky":false,"template":"","format":"standard","meta":{"footnotes":""},"categories":[4,19],"tags":[],"class_list":["post-15387","post","type-post","status-publish","format-standard","has-post-thumbnail","hentry","category-noticias","category-secretaria-municipal-de-esporte"],"aioseo_notices":[],"_links":{"self":[{"href":"https:\/\/prefeitura.santarosa.rs.gov.br\/index.php?rest_route=\/wp\/v2\/posts\/15387","targetHints":{"allow":["GET"]}}],"collection":[{"href":"https:\/\/prefeitura.santarosa.rs.gov.br\/index.php?rest_route=\/wp\/v2\/posts"}],"about":[{"href":"https:\/\/prefeitura.santarosa.rs.gov.br\/index.php?rest_route=\/wp\/v2\/types\/post"}],"author":[{"embeddable":true,"href":"https:\/\/prefeitura.santarosa.rs.gov.br\/index.php?rest_route=\/wp\/v2\/users\/12"}],"replies":[{"embeddable":true,"href":"https:\/\/prefeitura.santarosa.rs.gov.br\/index.php?rest_route=%2Fwp%2Fv2%2Fcomments&post=15387"}],"version-history":[{"count":1,"href":"https:\/\/prefeitura.santarosa.rs.gov.br\/index.php?rest_route=\/wp\/v2\/posts\/15387\/revisions"}],"predecessor-version":[{"id":15390,"href":"https:\/\/prefeitura.santarosa.rs.gov.br\/index.php?rest_route=\/wp\/v2\/posts\/15387\/revisions\/15390"}],"wp:featuredmedia":[{"embeddable":true,"href":"https:\/\/prefeitura.santarosa.rs.gov.br\/index.php?rest_route=\/wp\/v2\/media\/15389"}],"wp:attachment":[{"href":"https:\/\/prefeitura.santarosa.rs.gov.br\/index.php?rest_route=%2Fwp%2Fv2%2Fmedia&parent=15387"}],"wp:term":[{"taxonomy":"category","embeddable":true,"href":"https:\/\/prefeitura.santarosa.rs.gov.br\/index.php?rest_route=%2Fwp%2Fv2%2Fcategories&post=15387"},{"taxonomy":"post_tag","embeddable":true,"href":"https:\/\/prefeitura.santarosa.rs.gov.br\/index.php?rest_route=%2Fwp%2Fv2%2Ftags&post=15387"}],"curies":[{"name":"wp","href":"https:\/\/api.w.org\/{rel}","templated":true}]}}