{"id":15381,"date":"2025-10-24T10:30:01","date_gmt":"2025-10-24T13:30:01","guid":{"rendered":"https:\/\/prefeitura.santarosa.rs.gov.br\/?p=15381"},"modified":"2025-10-24T10:30:01","modified_gmt":"2025-10-24T13:30:01","slug":"prefeitura-de-santa-rosa-intensifica-acoes-de-educacao-para-o-transito","status":"publish","type":"post","link":"https:\/\/prefeitura.santarosa.rs.gov.br\/?p=15381","title":{"rendered":"Prefeitura de Santa Rosa intensifica a\u00e7\u00f5es de educa\u00e7\u00e3o para o tr\u00e2nsito"},"content":{"rendered":"\n<figure class=\"wp-block-image size-large\"><img fetchpriority=\"high\" decoding=\"async\" width=\"1024\" height=\"771\" src=\"https:\/\/prefeitura.santarosa.rs.gov.br\/wp-content\/uploads\/2025\/10\/WhatsApp-Image-2025-10-17-at-17.12.56-1-1024x771.jpeg\" alt=\"\" class=\"wp-image-15383\" srcset=\"https:\/\/prefeitura.santarosa.rs.gov.br\/wp-content\/uploads\/2025\/10\/WhatsApp-Image-2025-10-17-at-17.12.56-1-1024x771.jpeg 1024w, https:\/\/prefeitura.santarosa.rs.gov.br\/wp-content\/uploads\/2025\/10\/WhatsApp-Image-2025-10-17-at-17.12.56-1-300x226.jpeg 300w, https:\/\/prefeitura.santarosa.rs.gov.br\/wp-content\/uploads\/2025\/10\/WhatsApp-Image-2025-10-17-at-17.12.56-1-768x578.jpeg 768w, https:\/\/prefeitura.santarosa.rs.gov.br\/wp-content\/uploads\/2025\/10\/WhatsApp-Image-2025-10-17-at-17.12.56-1-1536x1156.jpeg 1536w, https:\/\/prefeitura.santarosa.rs.gov.br\/wp-content\/uploads\/2025\/10\/WhatsApp-Image-2025-10-17-at-17.12.56-1.jpeg 1600w\" sizes=\"(max-width: 1024px) 100vw, 1024px\" \/><\/figure>\n\n\n\n<p>A Prefeitura Municipal de Santa Rosa, por meio da Secretaria Municipal de Mobilidade Urbana, vem desenvolvendo um intenso trabalho de educa\u00e7\u00e3o para o tr\u00e2nsito em escolas e comunidades do munic\u00edpio. Em parceria com o SEST SENAT, est\u00e1 sendo realizado o atendimento nas escolas da rede p\u00fablica municipal, sendo que desde a segunda quinzena de agosto at\u00e9 o momento, cerca de 600 crian\u00e7as j\u00e1 participaram das atividades educativas promovidas pela Escolinha de Tr\u00e2nsito. As escolas interessadas podem entrar em contato com o SEST SENAT para agendamento de hor\u00e1rio. A parceria tem o objetivo de levar orienta\u00e7\u00f5es quanto as atitudes no tr\u00e2nsito e a perspectiva \u00e9 que seja renovada para o pr\u00f3ximo ano, quando todas as escolas do munic\u00edpio ser\u00e3o atendidas. Segundo o Secret\u00e1rio de Mobilidade Gilberto Kruger, \u201cEsse trabalho ter\u00e1 continuidade permanente, pois acreditamos que as crian\u00e7as s\u00e3o fundamentais para a constru\u00e7\u00e3o de um tr\u00e2nsito mais seguro e de motoristas mais conscientes no futuro\u201d.&nbsp;<\/p>\n\n\n\n<p>A Escolinha de Tr\u00e2nsito tamb\u00e9m esteve presente em diversas a\u00e7\u00f5es comunit\u00e1rias, como:<\/p>\n\n\n\n<p>\u2022 Comunidade da Vila Cruzeiro do Sul, em evento organizado pela Unidade B\u00e1sica de Sa\u00fade local, com atendimento a mais de 250 crian\u00e7as;<\/p>\n\n\n\n<p>\u2022 Col\u00e9gio Conc\u00f3rdia, onde participaram 200 alunos;<\/p>\n\n\n\n<p>\u2022 Comunidade do Bairro Planalto, em evento promovido pelo Rotaract, com a participa\u00e7\u00e3o de 180 crian\u00e7as;<\/p>\n\n\n\n<p>\u2022 Evento \u201cBrincando com o Sojinha\u201d, realizado no Parque de Exposi\u00e7\u00f5es, onde em torno de 300 crian\u00e7as participaram das atividades educativas sobre tr\u00e2nsito.<\/p>\n\n\n\n<p>Al\u00e9m de atividades com a \u201cEscolinha de Tr\u00e2nsito\u201d, a Secretaria realizou tamb\u00e9m blitz educativa junto a Pol\u00edcia Rodovi\u00e1ria Estadual, com o intuito de alertar aos motoristas, principalmente de ve\u00edculos de grande porte, quanto ao cumprimento de legisla\u00e7\u00e3o de tr\u00e2nsito, para juntos construirmos um tr\u00e2nsito mais seguro e mais humano. Ainda no m\u00eas de outubro, houve a participa\u00e7\u00e3o da Secretaria na SIPAT da Empresa Ixon, com uma palestra instrutiva sobre as atitudes de cada um no tr\u00e2nsito, bem como apresenta\u00e7\u00e3o de dados estat\u00edsticos importantes para reflex\u00e3o e conscientiza\u00e7\u00e3o.<\/p>\n\n\n\n<p><\/p>\n","protected":false},"excerpt":{"rendered":"<p>A Prefeitura Municipal de Santa Rosa, por meio da Secretaria Municipal de Mobilidade Urbana, vem desenvolvendo um intenso trabalho de<\/p>\n","protected":false},"author":12,"featured_media":15384,"comment_status":"closed","ping_status":"closed","sticky":false,"template":"","format":"standard","meta":{"footnotes":""},"categories":[4,27],"tags":[],"class_list":["post-15381","post","type-post","status-publish","format-standard","has-post-thumbnail","hentry","category-noticias","category-secretaria-municipal-de-mobilidade-urbana"],"aioseo_notices":[],"_links":{"self":[{"href":"https:\/\/prefeitura.santarosa.rs.gov.br\/index.php?rest_route=\/wp\/v2\/posts\/15381","targetHints":{"allow":["GET"]}}],"collection":[{"href":"https:\/\/prefeitura.santarosa.rs.gov.br\/index.php?rest_route=\/wp\/v2\/posts"}],"about":[{"href":"https:\/\/prefeitura.santarosa.rs.gov.br\/index.php?rest_route=\/wp\/v2\/types\/post"}],"author":[{"embeddable":true,"href":"https:\/\/prefeitura.santarosa.rs.gov.br\/index.php?rest_route=\/wp\/v2\/users\/12"}],"replies":[{"embeddable":true,"href":"https:\/\/prefeitura.santarosa.rs.gov.br\/index.php?rest_route=%2Fwp%2Fv2%2Fcomments&post=15381"}],"version-history":[{"count":1,"href":"https:\/\/prefeitura.santarosa.rs.gov.br\/index.php?rest_route=\/wp\/v2\/posts\/15381\/revisions"}],"predecessor-version":[{"id":15385,"href":"https:\/\/prefeitura.santarosa.rs.gov.br\/index.php?rest_route=\/wp\/v2\/posts\/15381\/revisions\/15385"}],"wp:featuredmedia":[{"embeddable":true,"href":"https:\/\/prefeitura.santarosa.rs.gov.br\/index.php?rest_route=\/wp\/v2\/media\/15384"}],"wp:attachment":[{"href":"https:\/\/prefeitura.santarosa.rs.gov.br\/index.php?rest_route=%2Fwp%2Fv2%2Fmedia&parent=15381"}],"wp:term":[{"taxonomy":"category","embeddable":true,"href":"https:\/\/prefeitura.santarosa.rs.gov.br\/index.php?rest_route=%2Fwp%2Fv2%2Fcategories&post=15381"},{"taxonomy":"post_tag","embeddable":true,"href":"https:\/\/prefeitura.santarosa.rs.gov.br\/index.php?rest_route=%2Fwp%2Fv2%2Ftags&post=15381"}],"curies":[{"name":"wp","href":"https:\/\/api.w.org\/{rel}","templated":true}]}}