{"id":15376,"date":"2025-10-23T15:14:50","date_gmt":"2025-10-23T18:14:50","guid":{"rendered":"https:\/\/prefeitura.santarosa.rs.gov.br\/?p=15376"},"modified":"2025-10-23T15:14:50","modified_gmt":"2025-10-23T18:14:50","slug":"3a-olimpiada-do-idoso","status":"publish","type":"post","link":"https:\/\/prefeitura.santarosa.rs.gov.br\/?p=15376","title":{"rendered":"3\u00aa Olimp\u00edada do Idoso\u00a0"},"content":{"rendered":"\n<figure class=\"wp-block-image size-large\"><img fetchpriority=\"high\" decoding=\"async\" width=\"1024\" height=\"768\" src=\"https:\/\/prefeitura.santarosa.rs.gov.br\/wp-content\/uploads\/2025\/10\/WhatsApp-Image-2025-10-23-at-14.29.28-1024x768.jpeg\" alt=\"\" class=\"wp-image-15377\" srcset=\"https:\/\/prefeitura.santarosa.rs.gov.br\/wp-content\/uploads\/2025\/10\/WhatsApp-Image-2025-10-23-at-14.29.28-1024x768.jpeg 1024w, https:\/\/prefeitura.santarosa.rs.gov.br\/wp-content\/uploads\/2025\/10\/WhatsApp-Image-2025-10-23-at-14.29.28-300x225.jpeg 300w, https:\/\/prefeitura.santarosa.rs.gov.br\/wp-content\/uploads\/2025\/10\/WhatsApp-Image-2025-10-23-at-14.29.28-768x576.jpeg 768w, https:\/\/prefeitura.santarosa.rs.gov.br\/wp-content\/uploads\/2025\/10\/WhatsApp-Image-2025-10-23-at-14.29.28-1536x1152.jpeg 1536w, https:\/\/prefeitura.santarosa.rs.gov.br\/wp-content\/uploads\/2025\/10\/WhatsApp-Image-2025-10-23-at-14.29.28.jpeg 1600w\" sizes=\"(max-width: 1024px) 100vw, 1024px\" \/><\/figure>\n\n\n\n<p>A Prefeitura de Santa Rosa promoveu diversas atividades no m\u00eas do idoso, com a parceria do Conselho Municipal do Idoso, a ger\u00eancia de pol\u00edticas para idosos, a Secretaria de Desenvolvimento Social, a Secretaria de Educa\u00e7\u00e3o e a Secretaria de Esporte. As modalidades que foram contempladas esse ano foram: c\u00e2mbio, c\u00e2mbio beach, basquete contra-rel\u00f3gio, bocha e canastra. A Olimp\u00edada dos idosos foi realizada de 06 a 21 de outubro.&nbsp;<\/p>\n\n\n\n<p>No total, 325 idosos, de 9 entidades, participaram da Olimp\u00edada.&nbsp;<\/p>\n\n\n\n<p>O objetivo da Olimp\u00edada dos idosos foi promover um envelhecimento ativo e saud\u00e1vel, atrav\u00e9s da integra\u00e7\u00e3o social, pr\u00e1tica de atividades f\u00edsicas e mentais e melhoria da qualidade de vida. O esporte na idade mais avan\u00e7ada ajuda combater o isolamento social, fortalecer v\u00ednculos comunit\u00e1rios e familiares e garantir que os idosos mantenham uma participa\u00e7\u00e3o plena na sociedade. A modalidade de canastra foi a que teve a maior participa\u00e7\u00e3o dos grupos de idosos.<\/p>\n\n\n\n<p>O Secret\u00e1rio de Esporte Cauh\u00e3 Pereira ressaltou a import\u00e2ncia da atividade, \u201cFoi um excelente resultado, pois conseguimos promover a pr\u00e1tica de esportes e ressaltar a import\u00e2ncia da terceira idade estar sempre ativa\u201d.&nbsp;<\/p>\n\n\n\n<p>A classifica\u00e7\u00e3o geral da Olimp\u00edada foi a seguinte:<\/p>\n\n\n\n<p>1\u00ba lugar: Grupo Energia&nbsp;<\/p>\n\n\n\n<p>2\u00ba lugar: Asscam<\/p>\n\n\n\n<p>3\u00ba lugar: Guia Lopes<\/p>\n\n\n\n<p>4\u00ba lugar: Centro do idoso<\/p>\n\n\n\n<p>5\u00ba lugar: Sest senat<\/p>\n\n\n\n<p>6\u00ba lugar: Patronato<\/p>\n","protected":false},"excerpt":{"rendered":"<p>A Prefeitura de Santa Rosa promoveu diversas atividades no m\u00eas do idoso, com a parceria do Conselho Municipal do Idoso,<\/p>\n","protected":false},"author":12,"featured_media":15378,"comment_status":"closed","ping_status":"closed","sticky":false,"template":"","format":"standard","meta":{"footnotes":""},"categories":[4,17,18,19],"tags":[],"class_list":["post-15376","post","type-post","status-publish","format-standard","has-post-thumbnail","hentry","category-noticias","category-secretaria-municipal-de-desenvolvimento-social","category-secretaria-municipal-de-educacao-e-cultura","category-secretaria-municipal-de-esporte"],"aioseo_notices":[],"_links":{"self":[{"href":"https:\/\/prefeitura.santarosa.rs.gov.br\/index.php?rest_route=\/wp\/v2\/posts\/15376","targetHints":{"allow":["GET"]}}],"collection":[{"href":"https:\/\/prefeitura.santarosa.rs.gov.br\/index.php?rest_route=\/wp\/v2\/posts"}],"about":[{"href":"https:\/\/prefeitura.santarosa.rs.gov.br\/index.php?rest_route=\/wp\/v2\/types\/post"}],"author":[{"embeddable":true,"href":"https:\/\/prefeitura.santarosa.rs.gov.br\/index.php?rest_route=\/wp\/v2\/users\/12"}],"replies":[{"embeddable":true,"href":"https:\/\/prefeitura.santarosa.rs.gov.br\/index.php?rest_route=%2Fwp%2Fv2%2Fcomments&post=15376"}],"version-history":[{"count":1,"href":"https:\/\/prefeitura.santarosa.rs.gov.br\/index.php?rest_route=\/wp\/v2\/posts\/15376\/revisions"}],"predecessor-version":[{"id":15379,"href":"https:\/\/prefeitura.santarosa.rs.gov.br\/index.php?rest_route=\/wp\/v2\/posts\/15376\/revisions\/15379"}],"wp:featuredmedia":[{"embeddable":true,"href":"https:\/\/prefeitura.santarosa.rs.gov.br\/index.php?rest_route=\/wp\/v2\/media\/15378"}],"wp:attachment":[{"href":"https:\/\/prefeitura.santarosa.rs.gov.br\/index.php?rest_route=%2Fwp%2Fv2%2Fmedia&parent=15376"}],"wp:term":[{"taxonomy":"category","embeddable":true,"href":"https:\/\/prefeitura.santarosa.rs.gov.br\/index.php?rest_route=%2Fwp%2Fv2%2Fcategories&post=15376"},{"taxonomy":"post_tag","embeddable":true,"href":"https:\/\/prefeitura.santarosa.rs.gov.br\/index.php?rest_route=%2Fwp%2Fv2%2Ftags&post=15376"}],"curies":[{"name":"wp","href":"https:\/\/api.w.org\/{rel}","templated":true}]}}