{"id":15368,"date":"2025-10-23T11:05:36","date_gmt":"2025-10-23T14:05:36","guid":{"rendered":"https:\/\/prefeitura.santarosa.rs.gov.br\/?p=15368"},"modified":"2025-10-23T13:40:38","modified_gmt":"2025-10-23T16:40:38","slug":"novas-ordens-de-inicio-reforcam-investimentos-em-infraestrutura","status":"publish","type":"post","link":"https:\/\/prefeitura.santarosa.rs.gov.br\/?p=15368","title":{"rendered":"Novas ordens de in\u00edcio refor\u00e7am investimentos em infraestrutura"},"content":{"rendered":"\n<figure class=\"wp-block-image size-large\"><img fetchpriority=\"high\" decoding=\"async\" width=\"1024\" height=\"768\" src=\"https:\/\/prefeitura.santarosa.rs.gov.br\/wp-content\/uploads\/2025\/10\/WhatsApp-Image-2025-10-23-at-10.57.29-1024x768.jpeg\" alt=\"\" class=\"wp-image-15372\" srcset=\"https:\/\/prefeitura.santarosa.rs.gov.br\/wp-content\/uploads\/2025\/10\/WhatsApp-Image-2025-10-23-at-10.57.29-1024x768.jpeg 1024w, https:\/\/prefeitura.santarosa.rs.gov.br\/wp-content\/uploads\/2025\/10\/WhatsApp-Image-2025-10-23-at-10.57.29-300x225.jpeg 300w, https:\/\/prefeitura.santarosa.rs.gov.br\/wp-content\/uploads\/2025\/10\/WhatsApp-Image-2025-10-23-at-10.57.29-768x576.jpeg 768w, https:\/\/prefeitura.santarosa.rs.gov.br\/wp-content\/uploads\/2025\/10\/WhatsApp-Image-2025-10-23-at-10.57.29.jpeg 1280w\" sizes=\"(max-width: 1024px) 100vw, 1024px\" \/><\/figure>\n\n\n\n<p>As obras n\u00e3o param em Santa Rosa. Significativos investimentos est\u00e3o sendo realizados em obras como Plano de Mobilidade, novo Aeroporto, Gin\u00e1sio, Pra\u00e7as e diversas ruas tamb\u00e9m est\u00e3o recebendo asfalto. Nesta semana, o Vice-Prefeito Aldemir Ulrich assinou novas ordens de in\u00edcio para obras de pavimenta\u00e7\u00e3o asf\u00e1ltica. Os servi\u00e7os v\u00e3o ser realizados na rua Pedro Arno Mergen e na Travessa Guilherme Foliatti.&nbsp;<\/p>\n\n\n\n<p>Na Rua Pedro Arno Mergen, localizada em \u00e1rea de expans\u00e3o habitacional, as melhorias abrangem toda a via, com 380,44 metros lineares e 3.691,95 m\u00b2 de \u00e1rea. O investimento \u00e9 de R$ 779.147,10. O projeto prev\u00ea a execu\u00e7\u00e3o da rede de drenagem, pavimenta\u00e7\u00e3o asf\u00e1ltica, nivelamento de tampas da Corsan, rampas de acessibilidade e sinaliza\u00e7\u00e3o vertical e horizontal. O prazo de execu\u00e7\u00e3o \u00e9 de 150 dias. As obras v\u00e3o contemplar as novas unidades habitacionais populares que est\u00e3o sendo constru\u00eddas pelo munic\u00edpio, garantindo melhor acesso e valoriza\u00e7\u00e3o do entorno.<\/p>\n\n\n\n<p>J\u00e1 na Travessa Guilherme Foliatti, a pavimenta\u00e7\u00e3o abranger\u00e1 toda a extens\u00e3o da via, com 217,73 metros lineares e 2.782,98 m\u00b2 de \u00e1rea. O investimento \u00e9 de R$ 417.303,65. As melhorias incluem execu\u00e7\u00e3o de rede de drenagem, remendos profundos, pavimenta\u00e7\u00e3o asf\u00e1ltica sobre o cal\u00e7amento existente, nivelamento de tampas da Corsan, rampas de acessibilidade e sinaliza\u00e7\u00e3o vertical e horizontal. O prazo de execu\u00e7\u00e3o \u00e9 de 120 dias.<\/p>\n","protected":false},"excerpt":{"rendered":"<p>As obras n\u00e3o param em Santa Rosa. Significativos investimentos est\u00e3o sendo realizados em obras como Plano de Mobilidade, novo Aeroporto,<\/p>\n","protected":false},"author":12,"featured_media":15373,"comment_status":"closed","ping_status":"closed","sticky":false,"template":"","format":"standard","meta":{"footnotes":""},"categories":[4,22],"tags":[],"class_list":["post-15368","post","type-post","status-publish","format-standard","has-post-thumbnail","hentry","category-noticias","category-secretaria-municipal-de-planejamento-e-habitacao"],"aioseo_notices":[],"_links":{"self":[{"href":"https:\/\/prefeitura.santarosa.rs.gov.br\/index.php?rest_route=\/wp\/v2\/posts\/15368","targetHints":{"allow":["GET"]}}],"collection":[{"href":"https:\/\/prefeitura.santarosa.rs.gov.br\/index.php?rest_route=\/wp\/v2\/posts"}],"about":[{"href":"https:\/\/prefeitura.santarosa.rs.gov.br\/index.php?rest_route=\/wp\/v2\/types\/post"}],"author":[{"embeddable":true,"href":"https:\/\/prefeitura.santarosa.rs.gov.br\/index.php?rest_route=\/wp\/v2\/users\/12"}],"replies":[{"embeddable":true,"href":"https:\/\/prefeitura.santarosa.rs.gov.br\/index.php?rest_route=%2Fwp%2Fv2%2Fcomments&post=15368"}],"version-history":[{"count":2,"href":"https:\/\/prefeitura.santarosa.rs.gov.br\/index.php?rest_route=\/wp\/v2\/posts\/15368\/revisions"}],"predecessor-version":[{"id":15374,"href":"https:\/\/prefeitura.santarosa.rs.gov.br\/index.php?rest_route=\/wp\/v2\/posts\/15368\/revisions\/15374"}],"wp:featuredmedia":[{"embeddable":true,"href":"https:\/\/prefeitura.santarosa.rs.gov.br\/index.php?rest_route=\/wp\/v2\/media\/15373"}],"wp:attachment":[{"href":"https:\/\/prefeitura.santarosa.rs.gov.br\/index.php?rest_route=%2Fwp%2Fv2%2Fmedia&parent=15368"}],"wp:term":[{"taxonomy":"category","embeddable":true,"href":"https:\/\/prefeitura.santarosa.rs.gov.br\/index.php?rest_route=%2Fwp%2Fv2%2Fcategories&post=15368"},{"taxonomy":"post_tag","embeddable":true,"href":"https:\/\/prefeitura.santarosa.rs.gov.br\/index.php?rest_route=%2Fwp%2Fv2%2Ftags&post=15368"}],"curies":[{"name":"wp","href":"https:\/\/api.w.org\/{rel}","templated":true}]}}