{"id":15364,"date":"2025-10-22T15:51:10","date_gmt":"2025-10-22T18:51:10","guid":{"rendered":"https:\/\/prefeitura.santarosa.rs.gov.br\/?p=15364"},"modified":"2025-10-22T15:51:10","modified_gmt":"2025-10-22T18:51:10","slug":"fundacao-tem-atendimento-domiciliar-com-laserterapia","status":"publish","type":"post","link":"https:\/\/prefeitura.santarosa.rs.gov.br\/?p=15364","title":{"rendered":"Funda\u00e7\u00e3o tem atendimento domiciliar com Laserterapia"},"content":{"rendered":"\n<figure class=\"wp-block-image size-large\"><img fetchpriority=\"high\" decoding=\"async\" width=\"1024\" height=\"768\" src=\"https:\/\/prefeitura.santarosa.rs.gov.br\/wp-content\/uploads\/2025\/10\/WhatsApp-Image-2025-10-22-at-15.32.14-1-1024x768.jpeg\" alt=\"\" class=\"wp-image-15365\" srcset=\"https:\/\/prefeitura.santarosa.rs.gov.br\/wp-content\/uploads\/2025\/10\/WhatsApp-Image-2025-10-22-at-15.32.14-1-1024x768.jpeg 1024w, https:\/\/prefeitura.santarosa.rs.gov.br\/wp-content\/uploads\/2025\/10\/WhatsApp-Image-2025-10-22-at-15.32.14-1-300x225.jpeg 300w, https:\/\/prefeitura.santarosa.rs.gov.br\/wp-content\/uploads\/2025\/10\/WhatsApp-Image-2025-10-22-at-15.32.14-1-768x576.jpeg 768w, https:\/\/prefeitura.santarosa.rs.gov.br\/wp-content\/uploads\/2025\/10\/WhatsApp-Image-2025-10-22-at-15.32.14-1.jpeg 1280w\" sizes=\"(max-width: 1024px) 100vw, 1024px\" \/><\/figure>\n\n\n\n<p>A Funda\u00e7\u00e3o Municipal de Sa\u00fade de Santa Rosa conta com uma equipe dedicada ao Programa Melhor em Casa. A ideia \u00e9 levar atendimento diretamente aos lares de pacientes que necessitam de cuidados. A equipe \u00e9 multidisciplinar, composta por m\u00e9dico, enfermeira, t\u00e9cnicos de enfermagem, fisioterapeutas e nutricionista, garantindo uma assist\u00eancia integral e humanizada.<\/p>\n\n\n\n<p>O programa \u00e9 voltado para pacientes acamados ou com limita\u00e7\u00f5es severas, que apresentam crit\u00e9rios eleg\u00edveis para o atendimento domiciliar. Entre os principais perfis est\u00e3o pessoas em cuidados prolongados, em recupera\u00e7\u00e3o p\u00f3s-Acidente Vascular Cerebral (AVC) e v\u00edtimas de traumas, como os decorrentes de acidentes de tr\u00e2nsito. Um dos diferenciais do programa \u00e9 a laserterapia de baixa pot\u00eancia. O m\u00e9todo tem se mostrado um importante aliado no tratamento de les\u00f5es de pele, um dos desafios mais frequentes entre pacientes acamados.<\/p>\n\n\n\n<p>A laserterapia \u00e9 uma t\u00e9cnica n\u00e3o invasiva, eficaz e segura, que estimula a regenera\u00e7\u00e3o tecidual, reduz a dor e acelera o processo de cicatriza\u00e7\u00e3o. Segundo a Diretora de Gest\u00e3o da Rede Complementar a Sa\u00fade, Adriana Ulzafar, \u201c\u00c9 uma abordagem inovadora que tem trazido resultados muito positivos aos nossos pacientes. Com essa iniciativa, a FUMSSAR reafirma seu compromisso com uma aten\u00e7\u00e3o em sa\u00fade mais pr\u00f3xima, resolutiva e humanizada, promovendo qualidade de vida e bem-estar para quem mais precisa\u201d. Atualmente, 20 pacientes est\u00e3o em acompanhamento domiciliar, e outros 15 j\u00e1 conclu\u00edram o tratamento e receberam alta, ap\u00f3s significativa melhora em seu quadro cl\u00ednico.<\/p>\n","protected":false},"excerpt":{"rendered":"<p>A Funda\u00e7\u00e3o Municipal de Sa\u00fade de Santa Rosa conta com uma equipe dedicada ao Programa Melhor em Casa. A ideia<\/p>\n","protected":false},"author":12,"featured_media":15366,"comment_status":"closed","ping_status":"closed","sticky":false,"template":"","format":"standard","meta":{"footnotes":""},"categories":[4,8],"tags":[],"class_list":["post-15364","post","type-post","status-publish","format-standard","has-post-thumbnail","hentry","category-noticias","category-noticias-fumssar"],"aioseo_notices":[],"_links":{"self":[{"href":"https:\/\/prefeitura.santarosa.rs.gov.br\/index.php?rest_route=\/wp\/v2\/posts\/15364","targetHints":{"allow":["GET"]}}],"collection":[{"href":"https:\/\/prefeitura.santarosa.rs.gov.br\/index.php?rest_route=\/wp\/v2\/posts"}],"about":[{"href":"https:\/\/prefeitura.santarosa.rs.gov.br\/index.php?rest_route=\/wp\/v2\/types\/post"}],"author":[{"embeddable":true,"href":"https:\/\/prefeitura.santarosa.rs.gov.br\/index.php?rest_route=\/wp\/v2\/users\/12"}],"replies":[{"embeddable":true,"href":"https:\/\/prefeitura.santarosa.rs.gov.br\/index.php?rest_route=%2Fwp%2Fv2%2Fcomments&post=15364"}],"version-history":[{"count":1,"href":"https:\/\/prefeitura.santarosa.rs.gov.br\/index.php?rest_route=\/wp\/v2\/posts\/15364\/revisions"}],"predecessor-version":[{"id":15367,"href":"https:\/\/prefeitura.santarosa.rs.gov.br\/index.php?rest_route=\/wp\/v2\/posts\/15364\/revisions\/15367"}],"wp:featuredmedia":[{"embeddable":true,"href":"https:\/\/prefeitura.santarosa.rs.gov.br\/index.php?rest_route=\/wp\/v2\/media\/15366"}],"wp:attachment":[{"href":"https:\/\/prefeitura.santarosa.rs.gov.br\/index.php?rest_route=%2Fwp%2Fv2%2Fmedia&parent=15364"}],"wp:term":[{"taxonomy":"category","embeddable":true,"href":"https:\/\/prefeitura.santarosa.rs.gov.br\/index.php?rest_route=%2Fwp%2Fv2%2Fcategories&post=15364"},{"taxonomy":"post_tag","embeddable":true,"href":"https:\/\/prefeitura.santarosa.rs.gov.br\/index.php?rest_route=%2Fwp%2Fv2%2Ftags&post=15364"}],"curies":[{"name":"wp","href":"https:\/\/api.w.org\/{rel}","templated":true}]}}