{"id":15360,"date":"2025-10-22T14:48:07","date_gmt":"2025-10-22T17:48:07","guid":{"rendered":"https:\/\/prefeitura.santarosa.rs.gov.br\/?p=15360"},"modified":"2025-10-22T14:48:08","modified_gmt":"2025-10-22T17:48:08","slug":"obra-da-escola-do-montese-tera-contrato-assinado-nos-proximos-dias","status":"publish","type":"post","link":"https:\/\/prefeitura.santarosa.rs.gov.br\/?p=15360","title":{"rendered":"Obra da Escola do Montese ter\u00e1 contrato assinado nos pr\u00f3ximos dias"},"content":{"rendered":"\n<figure class=\"wp-block-image size-large\"><img fetchpriority=\"high\" decoding=\"async\" width=\"1024\" height=\"580\" src=\"https:\/\/prefeitura.santarosa.rs.gov.br\/wp-content\/uploads\/2025\/10\/WhatsApp-Image-2025-10-22-at-14.32.09-1024x580.jpeg\" alt=\"\" class=\"wp-image-15361\" srcset=\"https:\/\/prefeitura.santarosa.rs.gov.br\/wp-content\/uploads\/2025\/10\/WhatsApp-Image-2025-10-22-at-14.32.09-1024x580.jpeg 1024w, https:\/\/prefeitura.santarosa.rs.gov.br\/wp-content\/uploads\/2025\/10\/WhatsApp-Image-2025-10-22-at-14.32.09-300x170.jpeg 300w, https:\/\/prefeitura.santarosa.rs.gov.br\/wp-content\/uploads\/2025\/10\/WhatsApp-Image-2025-10-22-at-14.32.09-768x435.jpeg 768w, https:\/\/prefeitura.santarosa.rs.gov.br\/wp-content\/uploads\/2025\/10\/WhatsApp-Image-2025-10-22-at-14.32.09-1536x870.jpeg 1536w, https:\/\/prefeitura.santarosa.rs.gov.br\/wp-content\/uploads\/2025\/10\/WhatsApp-Image-2025-10-22-at-14.32.09.jpeg 1600w\" sizes=\"(max-width: 1024px) 100vw, 1024px\" \/><\/figure>\n\n\n\n<p>A obra da maior escola de Santa Rosa est\u00e1 prestes a come\u00e7ar. Foi finalizado o processo licitat\u00f3rio para contrata\u00e7\u00e3o da empresa que far\u00e1 uma nova escola no Montese. Com capacidade de 1 mil alunos das turmas da pr\u00e9-escola at\u00e9 o 9\u00ba ano, o local&nbsp; vai ter 16 salas de aula, biblioteca, refeit\u00f3rio, cozinha, secretaria, \u00e1rea administrativa e espa\u00e7o para os funcion\u00e1rios. A obra tamb\u00e9m contempla um gin\u00e1sio coberto com arquibancadas para os alunos.&nbsp;<\/p>\n\n\n\n<p>Suprir a demanda de novas vagas e qualificar o ensino tem sido uma das prioridades do Governo Municipal. Para melhorar a infraestrutura e auxiliar na qualifica\u00e7\u00e3o, novas escolas est\u00e3o sendo projetadas. O processo da escola do Montese passou por licita\u00e7\u00e3o e teve a empresa vencedora homologada nesta semana. O Prefeito Anderson Mantei ressaltou que essa ser\u00e1 uma grande obra, j\u00e1 que n\u00e3o existe escola hoje com 1 mil alunos em Santa Rosa, \u201cA constru\u00e7\u00e3o dessa nova escola ir\u00e1 proporcionar melhores condi\u00e7\u00f5es de aprendizado e, principalmente, atender a uma crescente demanda por vagas na nossa rede de ensino. Nos 4 primeiros anos criamos 1.031 novas vagas e nesse segundo mandato vamos criar mais 1.800 vagas. N\u00f3s estamos investindo na amplia\u00e7\u00e3o e cumprindo com nosso projeto de melhoria em nossa educa\u00e7\u00e3o municipal!\u201d.<\/p>\n\n\n\n<p>A nova escola ser\u00e1 constru\u00edda em um terreno de aproximadamente 13 mil metros quadrados, situado na Rua Expedicion\u00e1rio Otto Shimidt. A \u00e1rea constru\u00edda ser\u00e1 de mais de 4.000 metros quadrados. Essa ser\u00e1 a 5\u00aa escola constru\u00edda pela gest\u00e3o atual, que j\u00e1 entregou tr\u00eas novas Escolas Municipais de Educa\u00e7\u00e3o Infantil (EMEIs): a EMEI Amor Perfeito (localizada na Vila Pereira, Bairro Cruzeiro), a EMEI Andressa Ferreira (Bairro Sulina) e a EMEI S\u00e3o Francisco (Bairro S\u00e3o Francisco). Al\u00e9m disso, a EMEI Edwino Walter Fehlauer, no Loteamento Vargas est\u00e1 em licita\u00e7\u00e3o.<\/p>\n","protected":false},"excerpt":{"rendered":"<p>A obra da maior escola de Santa Rosa est\u00e1 prestes a come\u00e7ar. Foi finalizado o processo licitat\u00f3rio para contrata\u00e7\u00e3o da<\/p>\n","protected":false},"author":12,"featured_media":15362,"comment_status":"closed","ping_status":"closed","sticky":false,"template":"","format":"standard","meta":{"footnotes":""},"categories":[4,22],"tags":[],"class_list":["post-15360","post","type-post","status-publish","format-standard","has-post-thumbnail","hentry","category-noticias","category-secretaria-municipal-de-planejamento-e-habitacao"],"aioseo_notices":[],"_links":{"self":[{"href":"https:\/\/prefeitura.santarosa.rs.gov.br\/index.php?rest_route=\/wp\/v2\/posts\/15360","targetHints":{"allow":["GET"]}}],"collection":[{"href":"https:\/\/prefeitura.santarosa.rs.gov.br\/index.php?rest_route=\/wp\/v2\/posts"}],"about":[{"href":"https:\/\/prefeitura.santarosa.rs.gov.br\/index.php?rest_route=\/wp\/v2\/types\/post"}],"author":[{"embeddable":true,"href":"https:\/\/prefeitura.santarosa.rs.gov.br\/index.php?rest_route=\/wp\/v2\/users\/12"}],"replies":[{"embeddable":true,"href":"https:\/\/prefeitura.santarosa.rs.gov.br\/index.php?rest_route=%2Fwp%2Fv2%2Fcomments&post=15360"}],"version-history":[{"count":1,"href":"https:\/\/prefeitura.santarosa.rs.gov.br\/index.php?rest_route=\/wp\/v2\/posts\/15360\/revisions"}],"predecessor-version":[{"id":15363,"href":"https:\/\/prefeitura.santarosa.rs.gov.br\/index.php?rest_route=\/wp\/v2\/posts\/15360\/revisions\/15363"}],"wp:featuredmedia":[{"embeddable":true,"href":"https:\/\/prefeitura.santarosa.rs.gov.br\/index.php?rest_route=\/wp\/v2\/media\/15362"}],"wp:attachment":[{"href":"https:\/\/prefeitura.santarosa.rs.gov.br\/index.php?rest_route=%2Fwp%2Fv2%2Fmedia&parent=15360"}],"wp:term":[{"taxonomy":"category","embeddable":true,"href":"https:\/\/prefeitura.santarosa.rs.gov.br\/index.php?rest_route=%2Fwp%2Fv2%2Fcategories&post=15360"},{"taxonomy":"post_tag","embeddable":true,"href":"https:\/\/prefeitura.santarosa.rs.gov.br\/index.php?rest_route=%2Fwp%2Fv2%2Ftags&post=15360"}],"curies":[{"name":"wp","href":"https:\/\/api.w.org\/{rel}","templated":true}]}}